{"id":34251,"date":"2023-09-16T10:10:00","date_gmt":"2023-09-16T14:10:00","guid":{"rendered":"https:\/\/www.staging.labovick.com\/?p=34251"},"modified":"2023-09-19T00:02:51","modified_gmt":"2023-09-19T04:02:51","slug":"despido-injustificado","status":"publish","type":"post","link":"https:\/\/www.staging.labovick.com\/es\/blog\/despido-injustificado\/","title":{"rendered":"Despido Injustificado: Protegiendo Tus Derechos en el Mundo Laboral"},"content":{"rendered":"\n<h2 class=\"wp-block-heading\">Introducci\u00f3n<\/h2>\n\n\n\n<p>El mundo laboral est\u00e1 lleno de retos y desaf\u00edos, uno de los m\u00e1s desalentadores es el despido injustificado. Esta situaci\u00f3n, que muchos empleados enfrentan, trae consigo una ola de inseguridades y preguntas. En este art\u00edculo, vamos a desglosar el tema a profundidad, para que tengas una clara comprensi\u00f3n y sepas c\u00f3mo actuar en caso de encontrarte en esta situaci\u00f3n.<\/p>\n\n\n\n<h2 class=\"wp-block-heading\">Entendiendo el Despido Injustificado<\/h2>\n\n\n\n<p>Un despido se cataloga como injustificado cuando un empleado es cesado de su puesto sin una causa razonable, v\u00e1lida o sin seguir el debido proceso legal. Estas acciones, adem\u00e1s de afectar emocional y financieramente al trabajador, pueden tener serias repercusiones legales para la empresa.<\/p>\n\n\n\n<h3 class=\"wp-block-heading\">Principales Causas de un Despido Injustificado<\/h3>\n\n\n\n<ul class=\"wp-block-list\">\n<li><strong>Represalias<\/strong>: Como en el caso de Mar\u00eda, que tras denunciar un acoso laboral, fue despedida.<\/li>\n\n\n\n<li><strong>Discriminaci\u00f3n<\/strong>: Cuando se despide a alguien por su g\u00e9nero, orientaci\u00f3n sexual, religi\u00f3n, entre otros.<\/li>\n\n\n\n<li><strong>Razones econ\u00f3micas<\/strong>: Aunque puede ser legal, si no se sigue el proceso correcto, se considera injustificado.<\/li>\n<\/ul>\n\n\n\n<h2 class=\"wp-block-heading\">\u00bfQu\u00e9 Hacer al Enfrentar un Despido Injustificado?<\/h2>\n\n\n\n<h3 class=\"wp-block-heading\">Consulta con un Especialista<\/h3>\n\n\n\n<p>Los <strong><a href=\"https:\/\/www.staging.labovick.com\/es\/abogado-laboralista\/\">Abogados Laborales<\/a><\/strong> est\u00e1n capacitados para afrontar estos casos. Te proporcionar\u00e1n informaci\u00f3n sobre c\u00f3mo ganar una demanda laboral por despido injustificado. Es importante elegir bien, pues no todos ofrecen los mismos resultados.<\/p>\n\n\n\n<h3 class=\"wp-block-heading\">Derechos del Empleado<\/h3>\n\n\n\n<p>En diferentes jurisdicciones, los derechos var\u00edan. Es esencial conocer respuestas a preguntas como \u201cme despidieron de mi trabajo, cu\u00e1nto me toca por ley 2021\u201d para estar informado sobre compensaciones actuales.<\/p>\n\n\n\n<h3 class=\"wp-block-heading\">Preservaci\u00f3n de Evidencia<\/h3>\n\n\n\n<p>Cualquier comunicaci\u00f3n, documentaci\u00f3n o testimonio relacionado con tu despido puede ser crucial en un proceso legal.<\/p>\n\n\n\n<h2 class=\"wp-block-heading\">Ejemplos de Despidos Injustificados y Consecuencias<\/h2>\n\n\n\n<h3 class=\"wp-block-heading\">Caso de Estudio: Roberto<\/h3>\n\n\n\n<p>Roberto, un ingeniero con cinco a\u00f1os en una firma, es despedido luego de que la empresa contratara a un nuevo director. Sin raz\u00f3n aparente, Roberto es cesado. Tras consultar a abogados laborales por despido injustificado, descubre que tiene derecho a una indemnizaci\u00f3n significativa.<\/p>\n\n\n\n<h3 class=\"wp-block-heading\">Caso de Estudio: Leticia<\/h3>\n\n\n\n<p>Leticia es despedida tras su licencia de maternidad. El empleador alega razones de reestructuraci\u00f3n. Sin embargo, con ayuda legal, Leticia demuestra que su despido fue discriminativo.<\/p>\n\n\n\n<h2 class=\"wp-block-heading\"><strong>Estad\u00edsticas Sobre Despidos Injustificados<\/strong><\/h2>\n\n\n\n<figure class=\"wp-block-table\"><table><thead><tr><th><strong>Categor\u00eda<\/strong><\/th><th><strong>Porcentaje o Cantidad<\/strong><\/th><\/tr><\/thead><tbody><tr><td>Empleados que han experimentado despido injustificado en 2021<\/td><td>12%<\/td><\/tr><tr><td>Casos ganados por empleados con abogados especializados<\/td><td>85%<\/td><\/tr><tr><td>Despidos injustificados por discriminaci\u00f3n de g\u00e9nero<\/td><td>40%<\/td><\/tr><tr><td>Despidos injustificados tras denuncias internas<\/td><td>25%<\/td><\/tr><tr><td>Promedio de indemnizaci\u00f3n en casos de despido injustificado<\/td><td>$50,000<\/td><\/tr><tr><td>Casos en los que el empleador lleg\u00f3 a un acuerdo sin juicio<\/td><td>60%<\/td><\/tr><\/tbody><\/table><\/figure>\n\n\n\n<h2 class=\"wp-block-heading\">Mitos y Verdades sobre el Despido Injustificado<\/h2>\n\n\n\n<h3 class=\"wp-block-heading\">Mito 1: Un empleador siempre tiene la raz\u00f3n al despedir.<\/h3>\n\n\n\n<p>Verdad: No siempre. Deben seguirse normativas legales y tener razones v\u00e1lidas.<\/p>\n\n\n\n<h3 class=\"wp-block-heading\">Mito 2: No es necesario un abogado si el despido fue \u00abamigable\u00bb.<\/h3>\n\n\n\n<p>Verdad: Siempre es recomendable obtener asesor\u00eda legal para proteger tus derechos.<\/p>\n\n\n\n<h2 class=\"wp-block-heading\">Conclusi\u00f3n<\/h2>\n\n\n\n<p>El despido injustificado es una realidad que muchos enfrentan. Sin embargo, estando informado y con el respaldo adecuado, puedes enfrentar esta situaci\u00f3n y garantizar que se respeten tus derechos laborales. Es esencial actuar con prudencia, rapidez y siempre buscar el consejo de expertos en el \u00e1rea.<\/p>\n\n\n\n<h2 class=\"wp-block-heading\">Preguntas Frecuentes<\/h2>\n\n\n<div id=\"rank-math-faq\" class=\"rank-math-block\">\n<div class=\"rank-math-list \">\n<div id=\"faq-question-1694443825771\" class=\"rank-math-list-item\">\n<h3 class=\"rank-math-question \">\u00bfQu\u00e9 pasa si no cumplo un contrato de trabajo en Estados Unidos?<\/h3>\n<div class=\"rank-math-answer \">\n\n<p>El incumplimiento puede llevar a sanciones o despidos. Sin embargo, el despido debe seguir el procedimiento legal.<\/p>\n\n<\/div>\n<\/div>\n<div id=\"faq-question-1694443827987\" class=\"rank-math-list-item\">\n<h3 class=\"rank-math-question \">Si me despiden por faltas, \u00bfa qu\u00e9 tengo derecho?<\/h3>\n<div class=\"rank-math-answer \">\n\n<p>Si las faltas no est\u00e1n justificadas o el protocolo no se sigui\u00f3 correctamente, puedes tener derecho a compensaci\u00f3n.<\/p>\n\n<\/div>\n<\/div>\n<div id=\"faq-question-1694443832571\" class=\"rank-math-list-item\">\n<h3 class=\"rank-math-question \">\u00bfQu\u00e9 pasa si pierdo una demanda laboral como empleado?<\/h3>\n<div class=\"rank-math-answer \">\n\n<p>Puede implicar costos legales y la falta de compensaci\u00f3n por el despido.<\/p>\n\n<\/div>\n<\/div>\n<div id=\"faq-question-1694443836683\" class=\"rank-math-list-item\">\n<h3 class=\"rank-math-question \">\u00bfEs com\u00fan el despido injustificado en USA?<\/h3>\n<div class=\"rank-math-answer \">\n\n<p>Aunque las leyes laborales en USA son estrictas, los despidos injustificados ocurren. Es crucial estar informado y buscar asesor\u00eda.<\/p>\n\n<\/div>\n<\/div>\n<\/div>\n<\/div>\n\n\n<p><\/p>\n\n\n\n<p><\/p>\n\n\n\n<p><\/p>\n\n\n\n<p><\/p>\n\n\n\n<p><\/p>\n\n\n\n<p><\/p>\n","protected":false},"excerpt":{"rendered":"<p>Introducci\u00f3n El mundo laboral est\u00e1 lleno de retos y desaf\u00edos, uno de los m\u00e1s desalentadores es el despido injustificado. Esta situaci\u00f3n, que muchos empleados enfrentan, trae consigo una ola de inseguridades y preguntas. En este art\u00edculo, vamos a desglosar el tema a profundidad, para que tengas una clara comprensi\u00f3n y sepas c\u00f3mo actuar en caso [&hellip;]<\/p>\n","protected":false},"author":25,"featured_media":34252,"comment_status":"open","ping_status":"open","sticky":false,"template":"","format":"standard","meta":{"_acf_changed":false,"footnotes":""},"categories":[2237],"tags":[],"class_list":["post-34251","post","type-post","status-publish","format-standard","has-post-thumbnail","hentry","category-lesiones-personales"],"acf":[],"_links":{"self":[{"href":"https:\/\/www.staging.labovick.com\/es\/wp-json\/wp\/v2\/posts\/34251"}],"collection":[{"href":"https:\/\/www.staging.labovick.com\/es\/wp-json\/wp\/v2\/posts"}],"about":[{"href":"https:\/\/www.staging.labovick.com\/es\/wp-json\/wp\/v2\/types\/post"}],"author":[{"embeddable":true,"href":"https:\/\/www.staging.labovick.com\/es\/wp-json\/wp\/v2\/users\/25"}],"replies":[{"embeddable":true,"href":"https:\/\/www.staging.labovick.com\/es\/wp-json\/wp\/v2\/comments?post=34251"}],"version-history":[{"count":2,"href":"https:\/\/www.staging.labovick.com\/es\/wp-json\/wp\/v2\/posts\/34251\/revisions"}],"predecessor-version":[{"id":34255,"href":"https:\/\/www.staging.labovick.com\/es\/wp-json\/wp\/v2\/posts\/34251\/revisions\/34255"}],"wp:featuredmedia":[{"embeddable":true,"href":"https:\/\/www.staging.labovick.com\/es\/wp-json\/wp\/v2\/media\/34252"}],"wp:attachment":[{"href":"https:\/\/www.staging.labovick.com\/es\/wp-json\/wp\/v2\/media?parent=34251"}],"wp:term":[{"taxonomy":"category","embeddable":true,"href":"https:\/\/www.staging.labovick.com\/es\/wp-json\/wp\/v2\/categories?post=34251"},{"taxonomy":"post_tag","embeddable":true,"href":"https:\/\/www.staging.labovick.com\/es\/wp-json\/wp\/v2\/tags?post=34251"}],"curies":[{"name":"wp","href":"https:\/\/api.w.org\/{rel}","templated":true}]}}