{"id":35833,"date":"2020-08-16T18:17:53","date_gmt":"2020-08-16T22:17:53","guid":{"rendered":"https:\/\/www.staging.labovick.com\/blog\/la-uveitis-te-califica-para-la-seguridad-social\/"},"modified":"2023-12-11T10:44:00","modified_gmt":"2023-12-11T14:44:00","slug":"la-uveitis-te-califica-para-la-seguridad-social","status":"publish","type":"post","link":"https:\/\/www.staging.labovick.com\/es\/blog\/la-uveitis-te-califica-para-la-seguridad-social\/","title":{"rendered":"\u00bfLa uve\u00edtis le da derecho a una incapacidad de la Seguridad Social?"},"content":{"rendered":"\n<h2 class=\"wp-block-heading\">Comprender la uve\u00edtis: Panorama general<\/h2>\n\n\n\n<p>La uve\u00edtis es una afecci\u00f3n ocular inflamatoria que se manifiesta en un espectro de gravedad y duraci\u00f3n. Una pregunta crucial que suelen plantearse los afectados es: \u00ab\u00bfEs la uve\u00edtis una discapacidad?\u00bb. Esta pregunta es especialmente relevante para las personas que sufren la forma m\u00e1s grave de uve\u00edtis, caracterizada por dolor agudo, enrojecimiento ocular y visi\u00f3n borrosa. Estos s\u00edntomas pueden perjudicar significativamente el funcionamiento diario y la calidad de vida, lo que lleva a preguntarse: \u00ab\u00bfEs la uve\u00edtis una discapacidad a ojos de los profesionales m\u00e9dicos y jur\u00eddicos?\u00bb.<\/p>\n\n\n\n<p>Para muchos, la uve\u00edtis es un problema transitorio, tratable con medicamentos y que provoca trastornos m\u00ednimos. Sin embargo, para un subgrupo de pacientes, la uve\u00edtis no es s\u00f3lo un inconveniente temporal, sino una afecci\u00f3n cr\u00f3nica y debilitante. En estos casos, preguntarse \u00ab\u00bfEs la uve\u00edtis una discapacidad?\u00bb se convierte en una puerta de entrada a la comprensi\u00f3n y al acceso a las ayudas y adaptaciones necesarias. La naturaleza incapacitante de la uve\u00edtis grave no s\u00f3lo radica en los s\u00edntomas f\u00edsicos, sino tambi\u00e9n en las repercusiones psicol\u00f3gicas y sociales que tiene en la vida de una persona.<\/p>\n\n\n\n<p>Al plantearse la pregunta \u00ab\u00bfEs la uve\u00edtis una discapacidad?\u00bb, es importante tener en cuenta las implicaciones m\u00e1s generales. La uve\u00edtis puede dificultar la capacidad para trabajar, conducir y realizar actividades cotidianas, sobre todo cuando los s\u00edntomas son intensos y persistentes. Esta alteraci\u00f3n de la vida normal es lo que a menudo lleva a las personas y a los profesionales sanitarios a clasificar la uve\u00edtis grave como una enfermedad discapacitante.<\/p>\n\n\n\n<p>La respuesta a \u00ab\u00bfEs la uve\u00edtis una discapacidad?\u00bb var\u00eda de una persona a otra, ya que el impacto de la enfermedad es muy individualizado. Para algunos, la uve\u00edtis puede dar lugar a problemas espor\u00e1dicos, mientras que para otros puede provocar una discapacidad a largo plazo que requiera adaptaciones en su vida laboral y personal. Esta variabilidad hace que la evaluaci\u00f3n y el tratamiento personalizados sean esenciales para quienes padecen uve\u00edtis.<\/p>\n\n\n\n<p>En conclusi\u00f3n, aunque la uve\u00edtis puede ir de leve a grave, en sus formas m\u00e1s extremas responde sin duda afirmativamente a la pregunta \u00ab\u00bfEs la uve\u00edtis una discapacidad? El potencial de esta enfermedad para causar un deterioro significativo y duradero de la visi\u00f3n subraya la importancia de reconocer y tratar la uve\u00edtis no s\u00f3lo como una afecci\u00f3n m\u00e9dica, sino tambi\u00e9n como una discapacidad potencial.<\/p>\n\n\n\n<h3 class=\"wp-block-heading\">Identificar los factores desencadenantes de la uve\u00edtis<\/h3>\n\n\n\n<p>La causa exacta de la uve\u00edtis puede ser dif\u00edcil de precisar, pero es crucial conocer sus desencadenantes habituales. Estos desencadenantes incluyen:<\/p>\n\n\n\n<ol class=\"wp-block-list\">\n<li><strong>Infecciones oculares:<\/strong>\n<ul class=\"wp-block-list\">\n<li>Las infecciones bacterianas, v\u00edricas o de otro tipo poco frecuentes pueden provocar una respuesta inflamatoria en el ojo.<\/li>\n\n\n\n<li>Estas infecciones contribuyen significativamente al desarrollo de la uve\u00edtis, ya que el organismo reacciona a los pat\u00f3genos invasores.<\/li>\n<\/ul>\n<\/li>\n\n\n\n<li><strong>Lesiones f\u00edsicas en el ojo:<\/strong>\n<ul class=\"wp-block-list\">\n<li>Los traumatismos, leves o graves, pueden iniciar una inflamaci\u00f3n.<\/li>\n\n\n\n<li>La respuesta del organismo a las lesiones oculares puede provocar uve\u00edtis, sobre todo si el traumatismo es importante o la cicatrizaci\u00f3n est\u00e1 comprometida.<\/li>\n<\/ul>\n<\/li>\n\n\n\n<li><strong>Trastornos autoinmunes:<\/strong>\n<ul class=\"wp-block-list\">\n<li>Afecciones en las que el sistema inmunitario ataca por error los tejidos oculares sanos.<\/li>\n\n\n\n<li>Entre los trastornos autoinmunitarios m\u00e1s comunes relacionados con la uve\u00edtis se encuentran la artritis reumatoide, el lupus y la esclerosis m\u00faltiple.<\/li>\n<\/ul>\n<\/li>\n\n\n\n<li><strong>Otras enfermedades inflamatorias:<\/strong>\n<ul class=\"wp-block-list\">\n<li>Las enfermedades que causan inflamaci\u00f3n en diversas partes del cuerpo tambi\u00e9n pueden afectar a los ojos.<\/li>\n\n\n\n<li>Algunos ejemplos son la enfermedad de Crohn y la colitis ulcerosa, que afectan principalmente al tracto gastrointestinal pero pueden manifestar s\u00edntomas oculares como la uve\u00edtis.<\/li>\n<\/ul>\n<\/li>\n<\/ol>\n\n\n\n<p>Comprender estos factores desencadenantes no s\u00f3lo es esencial para diagnosticar y tratar la uve\u00edtis, sino tambi\u00e9n para adoptar medidas preventivas. Cada factor contribuye de forma \u00fanica a la aparici\u00f3n de esta enfermedad, lo que pone de manifiesto su complejidad y la necesidad de enfoques m\u00e9dicos personalizados.<\/p>\n\n\n\n<h3 class=\"wp-block-heading\">La naturaleza cr\u00f3nica de la uve\u00edtis<\/h3>\n\n\n\n<p>La uve\u00edtis cr\u00f3nica plantea un reto \u00fanico en el \u00e1mbito sanitario, sobre todo a la hora de abordar la pregunta: \u00ab\u00bfEs la uve\u00edtis una discapacidad?\u00bb Los efectos a largo plazo de la enfermedad son:<\/p>\n\n\n\n<ol class=\"wp-block-list\">\n<li><strong>No hay cura definitiva:<\/strong>\n<ul class=\"wp-block-list\">\n<li>La forma cr\u00f3nica de la uve\u00edtis carece de cura permanente.<\/li>\n\n\n\n<li>Esta naturaleza continua de la enfermedad es fundamental para entender por qu\u00e9 \u00ab\u00bfes la uve\u00edtis una discapacidad?\u00bb es una pregunta pertinente para muchos afectados.<\/li>\n<\/ul>\n<\/li>\n\n\n\n<li><strong>Centrarse en el tratamiento de los s\u00edntomas:<\/strong>\n<ul class=\"wp-block-list\">\n<li>El tratamiento se dirige principalmente a aliviar los s\u00edntomas.<\/li>\n\n\n\n<li>Controlar eficazmente estos s\u00edntomas es clave en el debate sobre \u00ab\u00bfEs la uve\u00edtis una discapacidad?\u00bb<\/li>\n<\/ul>\n<\/li>\n\n\n\n<li><strong>Batalla continua contra el deterioro de la visi\u00f3n y el dolor:<\/strong>\n<ul class=\"wp-block-list\">\n<li>Los problemas de visi\u00f3n persistentes y el dolor ocular intenso son caracter\u00edsticas de la uve\u00edtis cr\u00f3nica.<\/li>\n\n\n\n<li>La naturaleza implacable de estos s\u00edntomas a menudo lleva a los pacientes a preguntarse: \u00ab\u00bfEs la uve\u00edtis una discapacidad?\u00bb.<\/li>\n<\/ul>\n<\/li>\n\n\n\n<li><strong>Reagudizaciones recurrentes:<\/strong>\n<ul class=\"wp-block-list\">\n<li>Los brotes pueden aparecer de forma inesperada y alterar considerablemente la calidad de vida.<\/li>\n\n\n\n<li>Estos episodios frecuentes e impredecibles refuerzan la pregunta: \u00ab\u00bfEs la uve\u00edtis una discapacidad?\u00bb.<\/li>\n<\/ul>\n<\/li>\n<\/ol>\n\n\n\n<p>La naturaleza cr\u00f3nica de la uve\u00edtis, caracterizada por estos factores clave, subraya la importancia de la pregunta: \u00ab\u00bfEs la uve\u00edtis una discapacidad?\u00bb Cada uno de los elementos de esta lista contribuye a comprender la uve\u00edtis no s\u00f3lo como una afecci\u00f3n m\u00e9dica, sino como una posible discapacidad a largo plazo. El impacto en la visi\u00f3n, el funcionamiento diario y la calidad de vida en general pone de relieve la necesidad de una gesti\u00f3n integral y el reconocimiento de la uve\u00edtis en el marco de las discapacidades.<\/p>\n\n\n\n<p>Para una visi\u00f3n general de la uve\u00edtis, visite el <a href=\"https:\/\/www.nei.nih.gov\/learn-about-eye-health\/eye-conditions-and-diseases\/uveitis\" target=\"_blank\" rel=\"noreferrer noopener\">Instituto Nacional del Ojo<\/a>.<\/p>\n\n\n\n<h2 class=\"wp-block-heading\">Uve\u00edtis y derecho a prestaciones por Discapacidad del Seguro Social<\/h2>\n\n\n\n<p>A la hora de plantearse si \u00abla uve\u00edtis es una discapacidad\u00bb en el contexto de las prestaciones de la Seguridad Social, es esencial navegar por las complejidades del Programa de Discapacidad de la Seguridad Social, que puede resultar especialmente complicado para las personas con uve\u00edtis cr\u00f3nica. El proceso implica varios aspectos cr\u00edticos:<\/p>\n\n\n\n<ol class=\"wp-block-list\">\n<li><strong>Comprender los criterios de admisibilidad:<\/strong>\n<ul class=\"wp-block-list\">\n<li>La pregunta clave, \u00ab\u00bfEs la uve\u00edtis una discapacidad seg\u00fan las normas de la Seguridad Social?\u00bb, depende de criterios espec\u00edficos de elegibilidad.<\/li>\n\n\n\n<li>El deterioro de la visi\u00f3n y otros s\u00edntomas debilitantes asociados a la uve\u00edtis son fundamentales para determinar la elegibilidad.<\/li>\n<\/ul>\n<\/li>\n\n\n\n<li><strong>Evaluaci\u00f3n del impacto en la capacidad laboral:<\/strong>\n<ul class=\"wp-block-list\">\n<li>El grado en que la uve\u00edtis afecta a la capacidad laboral de una persona es crucial para responder a la pregunta \u00ab\u00bfEs la uve\u00edtis una discapacidad?\u00bb<\/li>\n\n\n\n<li>Para quienes padecen uve\u00edtis cr\u00f3nica, la gravedad de los s\u00edntomas puede limitar significativamente la capacidad laboral, cumpliendo los criterios de incapacidad de la Administraci\u00f3n de la Seguridad Social.<\/li>\n<\/ul>\n<\/li>\n\n\n\n<li><strong>El proceso de solicitud:<\/strong>\n<ul class=\"wp-block-list\">\n<li>Comprender y navegar por el proceso de solicitud es vital a la hora de preguntarse: \u00ab\u00bfEs la uve\u00edtis una discapacidad?\u00bb.<\/li>\n\n\n\n<li>Los solicitantes deben aportar pruebas m\u00e9dicas exhaustivas que demuestren c\u00f3mo la uve\u00edtis merma su capacidad para realizar actividades relacionadas con el trabajo.<\/li>\n<\/ul>\n<\/li>\n\n\n\n<li><strong>Documentaci\u00f3n y pruebas m\u00e9dicas:<\/strong>\n<ul class=\"wp-block-list\">\n<li>La pregunta \u00ab\u00bfEs la uve\u00edtis una discapacidad a efectos de la Seguridad Social?\u00bb suele depender de la calidad de la documentaci\u00f3n m\u00e9dica aportada.<\/li>\n\n\n\n<li>Los expedientes detallados que ilustran la naturaleza cr\u00f3nica de la uve\u00edtis y su repercusi\u00f3n en las funciones cotidianas son esenciales para que una reclamaci\u00f3n prospere.<\/li>\n<\/ul>\n<\/li>\n<\/ol>\n\n\n\n<p>En conclusi\u00f3n, para determinar si \u00abla uve\u00edtis es una discapacidad\u00bb a efectos de las prestaciones por incapacidad de la Seguridad Social es necesario conocer a fondo los criterios de admisibilidad y evaluar detalladamente c\u00f3mo afecta la uve\u00edtis a la capacidad laboral. Para quienes padecen uve\u00edtis cr\u00f3nica, la naturaleza debilitante de la enfermedad suele coincidir con la definici\u00f3n de incapacidad de la Administraci\u00f3n de la Seguridad Social, por lo que es crucial abordar el proceso de solicitud con pruebas m\u00e9dicas detalladas y una comprensi\u00f3n clara de los criterios exigidos.<\/p>\n\n\n\n<p>Para saber c\u00f3mo eval\u00faa la Administraci\u00f3n de la Seguridad Social afecciones como la uve\u00edtis, consulte sus <a href=\"https:\/\/www.ssa.gov\/disability\/professionals\/bluebook\/14.00-Immune-Adult.htm\" target=\"_blank\" rel=\"noreferrer noopener\">criterios detallados<\/a>.<\/p>\n\n\n\n<h2 class=\"wp-block-heading\">Criterios para las prestaciones por Discapacidad con Uve\u00edtis<\/h2>\n\n\n\n<p>Para responder a la pregunta fundamental \u00ab\u00bfes la uve\u00edtis una discapacidad?\u00bb a efectos de las prestaciones por incapacidad de la Seguridad Social, la Administraci\u00f3n de la Seguridad Social (SSA) emplea criterios espec\u00edficos para evaluar los casos de uve\u00edtis. Estos criterios se centran en:<\/p>\n\n\n\n<ol class=\"wp-block-list\">\n<li><strong>Impacto en la capacidad laboral:<\/strong>\n<ul class=\"wp-block-list\">\n<li>La SSA eval\u00faa si \u00abla uve\u00edtis es una discapacidad\u00bb bas\u00e1ndose en c\u00f3mo afecta la afecci\u00f3n a las capacidades laborales de una persona.<\/li>\n\n\n\n<li>Demostrar hasta qu\u00e9 punto la uve\u00edtis merma la capacidad de una persona para realizar tareas relacionadas con su puesto de trabajo es clave para esta evaluaci\u00f3n.<\/li>\n<\/ul>\n<\/li>\n\n\n\n<li><strong>Gravedad y duraci\u00f3n de la afecci\u00f3n:<\/strong>\n<ul class=\"wp-block-list\">\n<li>Un aspecto central a la hora de determinar \u00ab\u00bfEs la uve\u00edtis una discapacidad?\u00bb es la gravedad y longevidad de la enfermedad.<\/li>\n\n\n\n<li>La uve\u00edtis o su tratamiento, como las inyecciones oculares, deben limitar gravemente las capacidades laborales, normalmente durante un periodo superior a doce meses.<\/li>\n<\/ul>\n<\/li>\n\n\n\n<li><strong>Documentar el tratamiento y sus efectos:<\/strong>\n<ul class=\"wp-block-list\">\n<li>Al preguntar \u00ab\u00bfEs la uve\u00edtis una discapacidad?\u00bb, es crucial documentar c\u00f3mo afectan a la capacidad laboral tratamientos como las inyecciones oculares.<\/li>\n\n\n\n<li>Esta documentaci\u00f3n debe ilustrar claramente el car\u00e1cter discapacitante tanto de la enfermedad como de su tratamiento.<\/li>\n<\/ul>\n<\/li>\n\n\n\n<li><strong>Implicaciones a largo plazo:<\/strong>\n<ul class=\"wp-block-list\">\n<li>La evaluaci\u00f3n de la SSA sobre \u00ab\u00bfEs la uve\u00edtis una discapacidad?\u00bb se extiende a las implicaciones a largo plazo de la afecci\u00f3n en la capacidad de la persona para mantener un empleo.<\/li>\n\n\n\n<li>Los episodios cr\u00f3nicos y recurrentes de uve\u00edtis que dificultan sistem\u00e1ticamente el rendimiento laboral desempe\u00f1an un papel importante en esta evaluaci\u00f3n.<\/li>\n<\/ul>\n<\/li>\n<\/ol>\n\n\n\n<p>Al cumplir estos criterios, las personas con uve\u00edtis pueden fundamentar su solicitud cuando traten de responder a la pregunta \u00ab\u00bfEs la uve\u00edtis una discapacidad?\u00bb para las prestaciones por incapacidad de la Seguridad Social. La insistencia en la repercusi\u00f3n de la enfermedad en el trabajo, unida a la necesidad de pruebas m\u00e9dicas detalladas, pone de relieve la importancia de una solicitud bien documentada y minuciosamente preparada a la hora de presentar un caso de uve\u00edtis como discapacidad que re\u00fane los requisitos.<\/p>\n\n\n\n<h3 class=\"wp-block-heading\">Explicaci\u00f3n del proceso de solicitud<\/h3>\n\n\n\n<p>A la hora de determinar si \u00abla uve\u00edtis es una discapacidad\u00bb en el contexto de la solicitud de prestaciones por incapacidad de la Seguridad Social, deben comprenderse y seguirse varios pasos clave en el proceso de solicitud:<\/p>\n\n\n\n<ol class=\"wp-block-list\">\n<li><strong>Revisi\u00f3n exhaustiva del historial laboral:<\/strong>\n<ul class=\"wp-block-list\">\n<li>Parte de la evaluaci\u00f3n de \u00ab\u00bfEs la uve\u00edtis una discapacidad?\u00bb implica un examen detallado del historial laboral del solicitante.<\/li>\n\n\n\n<li>Esta revisi\u00f3n ayuda a la SSA a comprender el impacto de la uve\u00edtis en las capacidades laborales del individuo en el pasado.<\/li>\n<\/ul>\n<\/li>\n\n\n\n<li><strong>Evaluaci\u00f3n de la capacidad de ganancia actual:<\/strong>\n<ul class=\"wp-block-list\">\n<li>Un factor fundamental para determinar si la uve\u00edtis es una discapacidad es la capacidad de ganancia actual de la persona.<\/li>\n\n\n\n<li>La SSA examina los niveles de ingresos actuales para determinar si la uve\u00edtis ha reducido significativamente el potencial de ingresos.<\/li>\n<\/ul>\n<\/li>\n\n\n\n<li><strong>Requisito del umbral de ingresos:<\/strong>\n<ul class=\"wp-block-list\">\n<li>Para que la SSA considere \u00ab\u00bfEs la uve\u00edtis una discapacidad?\u00bb, los ingresos del solicitante deben estar por debajo de un umbral determinado.<\/li>\n\n\n\n<li>Este requisito tiene por objeto demostrar que la uve\u00edtis es la raz\u00f3n principal de la limitaci\u00f3n de la capacidad laboral, y no otros factores.<\/li>\n<\/ul>\n<\/li>\n\n\n\n<li><strong>Documentaci\u00f3n de impacto financiero:<\/strong>\n<ul class=\"wp-block-list\">\n<li>Demostrar \u00ab\u00bfEs la uve\u00edtis una discapacidad?\u00bb tambi\u00e9n implica mostrar c\u00f3mo afecta econ\u00f3micamente la enfermedad al solicitante.<\/li>\n\n\n\n<li>Los solicitantes deben presentar pruebas de que la uve\u00edtis ha provocado una disminuci\u00f3n de su capacidad para obtener ingresos a niveles anteriores.<\/li>\n<\/ul>\n<\/li>\n<\/ol>\n\n\n\n<p>Siguiendo meticulosamente estos pasos en el proceso de solicitud, las personas que deseen establecer \u00ab\u00bfEs la uve\u00edtis una discapacidad?\u00bb pueden presentar eficazmente su caso ante la SSA. Es importante demostrar claramente c\u00f3mo la uve\u00edtis ha afectado tanto al empleo anterior como a la capacidad de ganancia actual, cumpliendo los requisitos de la SSA para las prestaciones por incapacidad.<\/p>\n\n\n\n<h2 class=\"wp-block-heading\">Navegar por el proceso de discapacidad de la Seguridad Social con uve\u00edtis<\/h2>\n\n\n\n<p>El proceso para determinar \u00absi la uve\u00edtis es una discapacidad\u00bb en el marco de la solicitud de incapacidad de la Seguridad Social implica varios pasos cruciales:<\/p>\n\n\n\n<ol class=\"wp-block-list\">\n<li><strong>Prueba de la gravedad de la uve\u00edtis:<\/strong>\n<ul class=\"wp-block-list\">\n<li>El primer paso para determinar si la uve\u00edtis es una discapacidad es aportar pruebas concretas de la gravedad de la enfermedad.<\/li>\n\n\n\n<li>Los historiales m\u00e9dicos, los informes de los m\u00e9dicos y las pruebas diagn\u00f3sticas desempe\u00f1an un papel fundamental en esta fase, ya que ponen de relieve el alcance de la discapacidad causada por la uve\u00edtis.<\/li>\n<\/ul>\n<\/li>\n\n\n\n<li><strong>Demostrar el deterioro de la capacidad funcional:<\/strong>\n<ul class=\"wp-block-list\">\n<li>Una pregunta clave en este proceso es \u00ab\u00bfEs la uve\u00edtis una discapacidad que merma la capacidad funcional?\u00bb.<\/li>\n\n\n\n<li>Los solicitantes deben ilustrar c\u00f3mo la uve\u00edtis afecta a sus actividades diarias y a su capacidad para realizar las tareas requeridas en un entorno laboral.<\/li>\n<\/ul>\n<\/li>\n\n\n\n<li><strong>Repercusi\u00f3n en la capacidad para realizar trabajos anteriores u otros:<\/strong>\n<ul class=\"wp-block-list\">\n<li>Para evaluar si la uve\u00edtis es una discapacidad, la Administraci\u00f3n de la Seguridad Social examina la capacidad de la persona para realizar un trabajo relevante en el pasado o cualquier otro trabajo.<\/li>\n\n\n\n<li>Esto implica un an\u00e1lisis de las aptitudes, experiencia y formaci\u00f3n del solicitante, junto con las limitaciones impuestas por la uve\u00edtis.<\/li>\n<\/ul>\n<\/li>\n\n\n\n<li><strong>Recopilaci\u00f3n y presentaci\u00f3n de pruebas exhaustivas:<\/strong>\n<ul class=\"wp-block-list\">\n<li>Para responder con \u00e9xito a la pregunta \u00ab\u00bfEs la uve\u00edtis una discapacidad?\u00bb es necesario reunir y presentar un amplio conjunto de pruebas.<\/li>\n\n\n\n<li>Esto incluye documentaci\u00f3n m\u00e9dica, historial laboral y testimonio personal sobre el impacto de la uve\u00edtis en la vida diaria y las capacidades laborales.<\/li>\n<\/ul>\n<\/li>\n<\/ol>\n\n\n\n<p>Al abordar met\u00f3dicamente cada uno de estos pasos, las personas que deseen responder a la pregunta \u00ab\u00bfEs la uve\u00edtis una discapacidad?\u00bb a efectos de las prestaciones por incapacidad de la Seguridad Social pueden demostrar eficazmente hasta qu\u00e9 punto la uve\u00edtis ha afectado a su vida y a su capacidad laboral. El proceso exige una documentaci\u00f3n detallada y una articulaci\u00f3n clara de c\u00f3mo la uve\u00edtis ha impuesto limitaciones significativas a sus capacidades funcionales y ocupacionales.<\/p>\n\n\n\n<h3 class=\"wp-block-heading\">El papel de la documentaci\u00f3n m\u00e9dica<\/h3>\n\n\n\n<p>A la hora de responder a la pregunta \u00ab\u00bfEs la uve\u00edtis una discapacidad?\u00bb en las solicitudes de incapacidad de la Seguridad Social, nunca se insistir\u00e1 lo suficiente en la importancia de la documentaci\u00f3n m\u00e9dica. Esta documentaci\u00f3n es fundamental en varios \u00e1mbitos clave:<\/p>\n\n\n\n<ol class=\"wp-block-list\">\n<li><strong>Pruebas de la gravedad de la uve\u00edtis:<\/strong>\n<ul class=\"wp-block-list\">\n<li>Para demostrar la gravedad de la uve\u00edtis se requieren historiales m\u00e9dicos exhaustivos.<\/li>\n\n\n\n<li>Estos registros deben describir claramente c\u00f3mo afecta la uve\u00edtis al individuo, algo esencial para responder a la pregunta \u00ab\u00bfEs la uve\u00edtis una discapacidad?\u00bb<\/li>\n<\/ul>\n<\/li>\n\n\n\n<li><strong>Impacto en la visi\u00f3n y la capacidad funcional:<\/strong>\n<ul class=\"wp-block-list\">\n<li>La documentaci\u00f3n debe demostrar las formas espec\u00edficas en que la uve\u00edtis deteriora la visi\u00f3n y reduce la capacidad funcional.<\/li>\n\n\n\n<li>Se trata de un aspecto central para determinar si la uve\u00edtis es una discapacidad a ojos de la SSA.<\/li>\n<\/ul>\n<\/li>\n\n\n\n<li><strong>Coherencia y continuidad de los registros:<\/strong>\n<ul class=\"wp-block-list\">\n<li>Para que una solicitud de \u00ab\u00bfEs la uve\u00edtis una discapacidad?\u00bb prospere, los historiales m\u00e9dicos deben mostrar un historial constante y continuo de la enfermedad.<\/li>\n\n\n\n<li>Esto incluye registros de tratamientos, respuestas a tratamientos y cualquier cambio en la afecci\u00f3n a lo largo del tiempo.<\/li>\n<\/ul>\n<\/li>\n\n\n\n<li><strong>Informes detallados de profesionales sanitarios:<\/strong>\n<ul class=\"wp-block-list\">\n<li>Las declaraciones y evaluaciones de m\u00e9dicos y oftalm\u00f3logos son cruciales para fundamentar la afirmaci\u00f3n \u00ab\u00bfEs la uve\u00edtis una discapacidad?\u00bb<\/li>\n\n\n\n<li>Estos profesionales ofrecen una visi\u00f3n experta de c\u00f3mo la uve\u00edtis limita las actividades relacionadas con el trabajo.<\/li>\n<\/ul>\n<\/li>\n<\/ol>\n\n\n\n<h3 class=\"wp-block-heading\">Evaluaci\u00f3n de la capacidad funcional residual<\/h3>\n\n\n\n<p>En el proceso de determinaci\u00f3n de \u00ab\u00bfEs la uve\u00edtis una discapacidad?\u00bb para las solicitudes de incapacidad de la Seguridad Social, la evaluaci\u00f3n de la capacidad funcional residual desempe\u00f1a un papel fundamental. Esto implica varios aspectos cr\u00edticos:<\/p>\n\n\n\n<ol class=\"wp-block-list\">\n<li><strong>Evaluaci\u00f3n de las capacidades a pesar de la uve\u00edtis:<\/strong>\n<ul class=\"wp-block-list\">\n<li>Es esencial realizar una evaluaci\u00f3n exhaustiva de las tareas que una persona con uve\u00edtis a\u00fan puede realizar.<\/li>\n\n\n\n<li>Esta evaluaci\u00f3n es fundamental para responder a la pregunta \u00ab\u00bfEs la uve\u00edtis una discapacidad?\u00bb, ya que mide el impacto pr\u00e1ctico de la enfermedad.<\/li>\n<\/ul>\n<\/li>\n\n\n\n<li><strong>Determinaci\u00f3n del alcance de las limitaciones relacionadas con el trabajo:<\/strong>\n<ul class=\"wp-block-list\">\n<li>La SSA eval\u00faa en qu\u00e9 medida la uve\u00edtis limita la capacidad de una persona para realizar actividades laborales t\u00edpicas.<\/li>\n\n\n\n<li>Comprender estas limitaciones es clave para establecer \u00ab\u00bfEs la uve\u00edtis una discapacidad?\u00bb en t\u00e9rminos de capacidad laboral.<\/li>\n<\/ul>\n<\/li>\n\n\n\n<li><strong>Impacto en la vida diaria y el empleo:<\/strong>\n<ul class=\"wp-block-list\">\n<li>Esta evaluaci\u00f3n examina c\u00f3mo afecta la uve\u00edtis a las tareas de la vida diaria y a la empleabilidad en general.<\/li>\n\n\n\n<li>Es crucial para establecer si \u00ab\u00bfEs la uve\u00edtis una discapacidad?\u00bb en el contexto del mantenimiento de un empleo significativo.<\/li>\n<\/ul>\n<\/li>\n\n\n\n<li><strong>Evaluaci\u00f3n profesional y documentaci\u00f3n:<\/strong>\n<ul class=\"wp-block-list\">\n<li>Los profesionales m\u00e9dicos desempe\u00f1an un papel vital a la hora de documentar y evaluar la capacidad funcional residual.<\/li>\n\n\n\n<li>Sus aportaciones ofrecen una visi\u00f3n global de c\u00f3mo afecta la \u00abuve\u00edtis, \u00bfes una discapacidad?\u00bb a la capacidad laboral de una persona.<\/li>\n<\/ul>\n<\/li>\n<\/ol>\n\n\n\n<p>Al realizar una evaluaci\u00f3n detallada de la capacidad funcional residual, las personas y los profesionales pueden abordar la pregunta \u00ab\u00bfEs la uve\u00edtis una discapacidad?\u00bb de forma eficaz. Esta evaluaci\u00f3n es fundamental en el proceso de toma de decisiones de la SSA, ya que proporciona pruebas concretas del grado en que la uve\u00edtis afecta a la capacidad de una persona para desempe\u00f1ar un empleo significativo.<\/p>\n\n\n\n<h3 class=\"wp-block-heading\">La importancia de la asistencia jur\u00eddica<\/h3>\n\n\n\n<p>A la hora de abordar la compleja cuesti\u00f3n de \u00ab\u00bfEs la uve\u00edtis una discapacidad?\u00bb en el contexto de las solicitudes de incapacidad de la Seguridad Social, no se puede subestimar el papel de la asistencia jur\u00eddica. Los aspectos clave de la b\u00fasqueda de orientaci\u00f3n jur\u00eddica incluyen:<\/p>\n\n\n\n<ol class=\"wp-block-list\">\n<li><strong>Navegaci\u00f3n experta por la normativa sobre discapacidad:<\/strong>\n<ul class=\"wp-block-list\">\n<li>Los abogados con experiencia en incapacidad son expertos en navegar por las intrincadas normativas de las reclamaciones de incapacidad de la Seguridad Social.<\/li>\n\n\n\n<li>Su experiencia es inestimable para determinar si la uve\u00edtis es una discapacidad con arreglo a estas complejas normas jur\u00eddicas.<\/li>\n<\/ul>\n<\/li>\n\n\n\n<li><strong>Conocimientos especializados en casos de uve\u00edtis:<\/strong>\n<ul class=\"wp-block-list\">\n<li>Los abogados con experiencia en casos de p\u00e9rdida de visi\u00f3n y uve\u00edtis aportan conocimientos especializados cruciales para responder a \u00ab\u00bfEs la uve\u00edtis una discapacidad?\u00bb<\/li>\n\n\n\n<li>Comprenden los retos espec\u00edficos y los matices m\u00e9dicos asociados a la uve\u00edtis como discapacidad.<\/li>\n<\/ul>\n<\/li>\n\n\n\n<li><strong>Mejorar las tasas de \u00e9xito de las solicitudes:<\/strong>\n<ul class=\"wp-block-list\">\n<li>La orientaci\u00f3n jur\u00eddica puede mejorar significativamente las posibilidades de \u00e9xito de una solicitud de incapacidad por uve\u00edtis.<\/li>\n\n\n\n<li>La experiencia de un abogado ayuda a articular eficazmente por qu\u00e9 \u00ab\u00bfEs la uve\u00edtis una discapacidad?\u00bb en el contexto del caso de un individuo.<\/li>\n<\/ul>\n<\/li>\n\n\n\n<li><strong>Asistencia en la recopilaci\u00f3n y presentaci\u00f3n de pruebas:<\/strong>\n<ul class=\"wp-block-list\">\n<li>Los abogados ayudan a reunir y presentar las pruebas m\u00e9dicas y laborales necesarias para establecer \u00ab\u00bfEs la uve\u00edtis una discapacidad?\u00bb<\/li>\n\n\n\n<li>Se aseguran de que toda la documentaci\u00f3n sea exhaustiva, pertinente y se presente de forma que se ajuste a los requisitos de la SSA.<\/li>\n<\/ul>\n<\/li>\n<\/ol>\n\n\n\n<p>Buscar asistencia jur\u00eddica puede ser un factor decisivo a la hora de sortear con \u00e9xito la pregunta \u00ab\u00bfEs la uve\u00edtis una discapacidad?\u00bb para las prestaciones por incapacidad de la Seguridad Social. La experiencia y la orientaci\u00f3n de un abogado de incapacidad cualificado pueden proporcionar el apoyo necesario para navegar por este complejo proceso, aumentando la probabilidad de un resultado favorable.<\/p>\n\n\n\n<h2 class=\"wp-block-heading\">Conclusiones: La uve\u00edtis como posible discapacidad<\/h2>\n\n\n\n<p>En resumen, el camino para comprender y gestionar la uve\u00edtis, en particular su clasificaci\u00f3n como discapacidad, es polifac\u00e9tico. \u00ab\u00bfEs la uve\u00edtis una discapacidad?\u00bb es una pregunta que resuena de forma diferente para cada persona, determinada por la gravedad de sus s\u00edntomas, el impacto en su vida diaria y su capacidad para trabajar. La uve\u00edtis cr\u00f3nica plantea un reto importante, ya que a menudo provoca una discapacidad a largo plazo que requiere un tratamiento cuidadoso y continuo.<\/p>\n\n\n\n<p>El proceso de solicitud de prestaciones de incapacidad de la Seguridad Social por uve\u00edtis es complejo y exige un conocimiento profundo de los criterios de admisibilidad, la importancia de la documentaci\u00f3n m\u00e9dica y una evaluaci\u00f3n de la capacidad funcional residual. Cada uno de estos pasos es crucial para fundamentar la afirmaci\u00f3n de que la uve\u00edtis, sobre todo en su forma cr\u00f3nica, puede ser realmente una enfermedad discapacitante.<\/p>\n\n\n\n<p>Sin embargo, navegar por las complejidades de las solicitudes de incapacidad de la Seguridad Social y comprender los matices de la uve\u00edtis como posible incapacidad puede resultar abrumador. Aqu\u00ed es donde entran en juego los conocimientos jur\u00eddicos.<\/p>\n\n\n\n<h2 class=\"wp-block-heading\">Consulte a LaBovick Abogados para obtener orientaci\u00f3n experta<\/h2>\n\n\n\n<p>Si usted o un ser querido est\u00e1 luchando con los impactos de la uve\u00edtis y considerando una reclamaci\u00f3n de incapacidad, la experiencia de un experimentado <strong><a href=\"https:\/\/www.staging.labovick.com\/es\/abogado-seguro-social-discapacidad\/\">Abogado de Seguro Social por Discapacidad<\/a> <\/strong> tiene un valor incalculable. LaBovick Abogados, con su amplia experiencia en la tramitaci\u00f3n de casos de p\u00e9rdida de visi\u00f3n y uve\u00edtis, est\u00e1 preparado para ofrecerle la orientaci\u00f3n y el apoyo que necesita.<\/p>\n\n\n\n<p>Nuestro equipo entiende los desaf\u00edos \u00fanicos que plantea la uve\u00edtis y est\u00e1 equipado para navegar por el intrincado panorama de la normativa sobre discapacidad de la Seguridad Social. Nos comprometemos a ayudarle a construir un caso s\u00f3lido, asegur\u00e1ndonos de que se re\u00fanen y presentan meticulosamente todas las pruebas m\u00e9dicas necesarias para fundamentar su reclamaci\u00f3n.<\/p>\n\n\n\n<p>No afrontes este viaje solo. P\u00f3ngase en contacto con LaBovick Abogados para una consulta, donde nuestros expertos revisar\u00e1n su caso y le guiar\u00e1 a trav\u00e9s de cada paso del proceso, la mejora de sus posibilidades de un resultado exitoso. Ll\u00e1menos hoy mismo para su consulta gratuita y d\u00e9 el primer paso para afrontar los retos de la uve\u00edtis con confianza.<\/p>\n\n\n\n<h2 class=\"wp-block-heading\">Preguntas frecuentes sobre si la uve\u00edtis es una discapacidad<\/h2>\n\n\n<div id=\"rank-math-faq\" class=\"rank-math-block\">\n<div class=\"rank-math-list \">\n<div id=\"faq-question-1701693799539\" class=\"rank-math-list-item\">\n<h3 class=\"rank-math-question \"><strong>\u00bfLa SSA considera la uve\u00edtis una discapacidad?<\/strong><\/h3>\n<div class=\"rank-math-answer \">\n\n<p>La uve\u00edtis puede considerarse una discapacidad si afecta gravemente a su capacidad laboral. La SSA eval\u00faa cada caso en funci\u00f3n del grado de p\u00e9rdida de visi\u00f3n y otros s\u00edntomas relacionados.<\/p>\n\n<\/div>\n<\/div>\n<div id=\"faq-question-1701693802803\" class=\"rank-math-list-item\">\n<h3 class=\"rank-math-question \"><strong>\u00bfPuedo trabajar con uve\u00edtis?<\/strong><\/h3>\n<div class=\"rank-math-answer \">\n\n<p>El tratamiento de la uve\u00edtis depende de la gravedad de la enfermedad. Los casos leves pueden no impedir el trabajo, mientras que los graves pueden dar derecho a prestaciones por incapacidad.<\/p>\n\n<\/div>\n<\/div>\n<div id=\"faq-question-1701693809529\" class=\"rank-math-list-item\">\n<h3 class=\"rank-math-question \"><strong>\u00bfSe clasifica la uve\u00edtis como enfermedad autoinmune?<\/strong><\/h3>\n<div class=\"rank-math-answer \">\n\n<p>La uve\u00edtis puede asociarse a enfermedades autoinmunes, aunque no se clasifica exclusivamente como una de ellas. Su aparici\u00f3n puede ser un s\u00edntoma de trastornos autoinmunes subyacentes.<\/p>\n\n<\/div>\n<\/div>\n<div id=\"faq-question-1701693817501\" class=\"rank-math-list-item\">\n<h3 class=\"rank-math-question \"><strong>\u00bfQu\u00e9 posibilidades hay de recibir una prestaci\u00f3n por incapacidad en caso de uve\u00edtis?<\/strong><\/h3>\n<div class=\"rank-math-answer \">\n\n<p>La probabilidad de tener derecho a prestaciones por incapacidad depende del grado en que la uve\u00edtis afecte a su visi\u00f3n y a su capacidad laboral, seg\u00fan la evaluaci\u00f3n de la SSA.<\/p>\n\n<\/div>\n<\/div>\n<\/div>\n<\/div>","protected":false},"excerpt":{"rendered":"<p>Comprender la uve\u00edtis: Panorama general La uve\u00edtis es una afecci\u00f3n ocular inflamatoria que se manifiesta en un espectro de gravedad y duraci\u00f3n. Una pregunta crucial que suelen plantearse los afectados es: \u00ab\u00bfEs la uve\u00edtis una discapacidad?\u00bb. Esta pregunta es especialmente relevante para las personas que sufren la forma m\u00e1s grave de uve\u00edtis, caracterizada por dolor [&hellip;]<\/p>\n","protected":false},"author":25,"featured_media":35761,"comment_status":"open","ping_status":"open","sticky":false,"template":"","format":"standard","meta":{"_acf_changed":false,"footnotes":""},"categories":[2234],"tags":[],"class_list":["post-35833","post","type-post","status-publish","format-standard","has-post-thumbnail","hentry","category-seguro-social-por-discapacidad"],"acf":[],"_links":{"self":[{"href":"https:\/\/www.staging.labovick.com\/es\/wp-json\/wp\/v2\/posts\/35833"}],"collection":[{"href":"https:\/\/www.staging.labovick.com\/es\/wp-json\/wp\/v2\/posts"}],"about":[{"href":"https:\/\/www.staging.labovick.com\/es\/wp-json\/wp\/v2\/types\/post"}],"author":[{"embeddable":true,"href":"https:\/\/www.staging.labovick.com\/es\/wp-json\/wp\/v2\/users\/25"}],"replies":[{"embeddable":true,"href":"https:\/\/www.staging.labovick.com\/es\/wp-json\/wp\/v2\/comments?post=35833"}],"version-history":[{"count":3,"href":"https:\/\/www.staging.labovick.com\/es\/wp-json\/wp\/v2\/posts\/35833\/revisions"}],"predecessor-version":[{"id":35838,"href":"https:\/\/www.staging.labovick.com\/es\/wp-json\/wp\/v2\/posts\/35833\/revisions\/35838"}],"wp:featuredmedia":[{"embeddable":true,"href":"https:\/\/www.staging.labovick.com\/es\/wp-json\/wp\/v2\/media\/35761"}],"wp:attachment":[{"href":"https:\/\/www.staging.labovick.com\/es\/wp-json\/wp\/v2\/media?parent=35833"}],"wp:term":[{"taxonomy":"category","embeddable":true,"href":"https:\/\/www.staging.labovick.com\/es\/wp-json\/wp\/v2\/categories?post=35833"},{"taxonomy":"post_tag","embeddable":true,"href":"https:\/\/www.staging.labovick.com\/es\/wp-json\/wp\/v2\/tags?post=35833"}],"curies":[{"name":"wp","href":"https:\/\/api.w.org\/{rel}","templated":true}]}}