{"id":35839,"date":"2021-12-07T09:43:45","date_gmt":"2021-12-07T13:43:45","guid":{"rendered":"https:\/\/www.staging.labovick.com\/blog\/chiari-malformation-a-serious-condition-with-disabling-symptoms\/"},"modified":"2023-12-11T10:52:06","modified_gmt":"2023-12-11T14:52:06","slug":"la-malformacion-de-chiari-es-una-discapacidad","status":"publish","type":"post","link":"https:\/\/www.staging.labovick.com\/es\/blog\/la-malformacion-de-chiari-es-una-discapacidad\/","title":{"rendered":"Comprender la malformaci\u00f3n de Chiari: Navegar por las prestaciones por discapacidad y los conocimientos m\u00e9dicos"},"content":{"rendered":"\n<h2 class=\"wp-block-heading\">Introducci\u00f3n a la malformaci\u00f3n de Chiari  <\/h2>\n\n\n\n<p>La malformaci\u00f3n de Chiari, un raro trastorno neurol\u00f3gico, se produce cuando el tejido cerebral se extiende por el canal raqu\u00eddeo. Esta protuberancia, situada en la base del cr\u00e1neo, ejerce presi\u00f3n sobre la m\u00e9dula espinal y el cerebro. Predominantemente una anomal\u00eda cong\u00e9nita, el diagn\u00f3stico de la malformaci\u00f3n de Chiari es cada vez m\u00e1s frecuente gracias a t\u00e9cnicas de imagen avanzadas como la resonancia magn\u00e9tica. Saber si la malformaci\u00f3n de Chiari es una discapacidad es crucial para los afectados, ya que influye en los enfoques de tratamiento, los ajustes del estilo de vida y la posibilidad de optar a prestaciones por discapacidad.<\/p>\n\n\n\n<p><strong>Aspectos clave de la malformaci\u00f3n de Chiari:<\/strong><\/p>\n\n\n\n<ul class=\"wp-block-list\">\n<li><strong>Naturaleza de la enfermedad:<\/strong> La malformaci\u00f3n de Chiari implica el desplazamiento del tejido cerebeloso hacia el canal espinal, lo que crea posibles complicaciones neurol\u00f3gicas.<\/li>\n\n\n\n<li><strong>Prevalencia y diagn\u00f3stico:<\/strong> Aunque relativamente rara, la enfermedad se diagnostica cada vez con m\u00e1s frecuencia, en gran parte debido al uso generalizado de tecnolog\u00edas de imagen avanzadas, en particular las resonancias magn\u00e9ticas.<\/li>\n\n\n\n<li><strong>Factores cong\u00e9nitos:<\/strong> En la mayor\u00eda de los casos, la malformaci\u00f3n de Chiari es cong\u00e9nita, lo que significa que est\u00e1 presente al nacer, aunque los s\u00edntomas pueden no aparecer hasta m\u00e1s tarde en la vida.<\/li>\n<\/ul>\n\n\n\n<p>La pregunta \u00ab\u00bfes la malformaci\u00f3n de Chiari una discapacidad?\u00bb se plantea con frecuencia en los debates m\u00e9dicos y jur\u00eddicos. Esto se debe principalmente a que las implicaciones de la malformaci\u00f3n de Chiari van m\u00e1s all\u00e1 de la salud f\u00edsica, afectando a la capacidad del individuo para realizar tareas cotidianas y mantener un empleo. El estado de discapacidad de la malformaci\u00f3n de Chiari depende de la gravedad de los s\u00edntomas y de hasta qu\u00e9 punto impiden el funcionamiento normal.<\/p>\n\n\n\n<p><strong>Comprender el impacto:<\/strong><\/p>\n\n\n\n<ul class=\"wp-block-list\">\n<li><strong>Limitaciones f\u00edsicas:<\/strong> Los s\u00edntomas f\u00edsicos de la malformaci\u00f3n de Chiari, como dolores de cabeza, mareos y debilidad muscular, pueden limitar significativamente las capacidades f\u00edsicas.<\/li>\n\n\n\n<li><strong>Efectos cognitivos y emocionales:<\/strong> M\u00e1s all\u00e1 de los s\u00edntomas f\u00edsicos, la malformaci\u00f3n de Chiari puede afectar a las funciones cognitivas y al bienestar emocional, lo que complica a\u00fan m\u00e1s la evaluaci\u00f3n de \u00ab\u00bfes la malformaci\u00f3n de Chiari una discapacidad?\u00bb.<\/li>\n\n\n\n<li><strong>Cambios en el trabajo y el estilo de vida:<\/strong> Las personas con malformaci\u00f3n de Chiari pueden tener dificultades para continuar en su empleo actual o realizar actividades cotidianas, un factor clave para considerar la afecci\u00f3n como una discapacidad.<\/li>\n<\/ul>\n\n\n\n<p>La mayor capacidad de diagn\u00f3stico de la malformaci\u00f3n de Chiari gracias a la tecnolog\u00eda de resonancia magn\u00e9tica ha atra\u00eddo m\u00e1s atenci\u00f3n sobre esta afecci\u00f3n. A medida que aumenta la concienciaci\u00f3n, tambi\u00e9n lo hace la comprensi\u00f3n y el reconocimiento de la malformaci\u00f3n de Chiari como una discapacidad potencial. Este reconocimiento es fundamental para quienes buscan tratamiento m\u00e9dico y prestaciones por incapacidad.<\/p>\n\n\n\n<p><strong>Avances en el diagn\u00f3stico:<\/strong><\/p>\n\n\n\n<ul class=\"wp-block-list\">\n<li><strong>Tecnolog\u00eda de resonancia magn\u00e9tica:<\/strong> Las resonancias magn\u00e9ticas proporcionan im\u00e1genes detalladas del cerebro y la m\u00e9dula espinal, lo que permite un diagn\u00f3stico preciso de la malformaci\u00f3n de Chiari.<\/li>\n\n\n\n<li><strong>Detecci\u00f3n precoz:<\/strong> La mejora de las t\u00e9cnicas de diagn\u00f3stico por imagen permite una detecci\u00f3n m\u00e1s precoz, lo que es vital para una gesti\u00f3n y un tratamiento eficaces.<\/li>\n\n\n\n<li><strong>Mayor concienciaci\u00f3n:<\/strong> A medida que aumentan las tasas de diagn\u00f3stico, tambi\u00e9n lo hace la concienciaci\u00f3n p\u00fablica y m\u00e9dica sobre la malformaci\u00f3n de Chiari, lo que conduce a mejores sistemas de apoyo y recursos para los afectados.<\/li>\n<\/ul>\n\n\n\n<p>En resumen, la pregunta \u00ab\u00bfes la malformaci\u00f3n de Chiari una discapacidad?\u00bb refleja la compleja naturaleza de esta afecci\u00f3n. Aunque puede no ser una discapacidad para todos los afectados, para muchos la malformaci\u00f3n de Chiari afecta significativamente a su vida diaria y a su capacidad laboral, lo que la califica de discapacidad. Comprender este aspecto es esencial para proporcionar atenci\u00f3n, apoyo y asistencia jur\u00eddica adecuados a quienes viven con malformaci\u00f3n de Chiari.<\/p>\n\n\n\n<p>Para una exploraci\u00f3n detallada de la malformaci\u00f3n de Chiari, sus s\u00edntomas y causas, visite <a href=\"https:\/\/www.mayoclinic.org\/diseases-conditions\/chiari-malformation\/symptoms-causes\/syc-20354010\" target=\"_blank\" rel=\"noopener\">el completo recurso de Mayo Clinic<\/a>.<\/p>\n\n\n\n<h2 class=\"wp-block-heading\">Las variantes de la malformaci\u00f3n de Chiari<\/h2>\n\n\n\n<p>La malformaci\u00f3n de Chiari, una afecci\u00f3n neurol\u00f3gica compleja, se presenta en tres tipos principales, cada uno con sus caracter\u00edsticas e implicaciones \u00fanicas. Esta distinci\u00f3n es crucial para determinar el tratamiento adecuado y comprender el posible estado de discapacidad asociado a cada tipo.<\/p>\n\n\n\n<ol class=\"wp-block-list\">\n<li><strong>Malformaci\u00f3n de Chiari tipo 1:<\/strong>\n<ul class=\"wp-block-list\">\n<li><strong>S\u00edntomas:<\/strong> La forma m\u00e1s frecuente, la malformaci\u00f3n de Chiari tipo 1, es famosa por sus intensos dolores de cabeza, a menudo desencadenados por acciones como toser, estornudar o realizar esfuerzos f\u00edsicos. Estos dolores de cabeza suelen concentrarse en la parte posterior de la cabeza y el cuello.<\/li>\n\n\n\n<li><strong>Afecciones asociadas:<\/strong> Los s\u00edntomas acompa\u00f1antes incluyen dolor de cuello, trastornos del equilibrio, problemas de coordinaci\u00f3n de las manos, parestesia (entumecimiento y sensaci\u00f3n de hormigueo), mareos, dificultades para tragar y problemas del habla. En algunos casos, los pacientes pueden experimentar s\u00edntomas menos comunes, como ac\u00fafenos (zumbidos en los o\u00eddos), irregularidades del ritmo cardiaco, escoliosis y dificultades respiratorias.<\/li>\n\n\n\n<li><strong>Impacto en la vida diaria:<\/strong> La naturaleza debilitante de estos s\u00edntomas puede afectar significativamente a la calidad de vida de una persona, lo que a menudo plantea la pregunta \u00ab\u00bfes la malformaci\u00f3n de Chiari de tipo 1 una discapacidad?\u00bb.<\/li>\n<\/ul>\n<\/li>\n\n\n\n<li><strong>Malformaci\u00f3n de Chiari tipo 2:<\/strong>\n<ul class=\"wp-block-list\">\n<li><strong>Caracter\u00edsticas:<\/strong> Esta variante implica una extensi\u00f3n m\u00e1s pronunciada del tejido cerebral en el canal espinal y a menudo se asocia con hidrocefalia, una afecci\u00f3n marcada por la acumulaci\u00f3n de l\u00edquido cefalorraqu\u00eddeo, lo que provoca un aumento de la presi\u00f3n dentro del cr\u00e1neo.<\/li>\n\n\n\n<li><strong>Necesidades de tratamiento:<\/strong> El tratamiento de la malformaci\u00f3n de Chiari tipo 2 implica con frecuencia procedimientos quir\u00fargicos, como la instalaci\u00f3n de una derivaci\u00f3n para facilitar el drenaje del l\u00edquido cefalorraqu\u00eddeo, abordar la presi\u00f3n intracraneal y aliviar los s\u00edntomas.<\/li>\n<\/ul>\n<\/li>\n\n\n\n<li><strong>Formaci\u00f3n de siringe y s\u00edndrome del cord\u00f3n umbilical anclado:<\/strong>\n<ul class=\"wp-block-list\">\n<li><strong>Desarrollo de la siringe:<\/strong> Algunos individuos con malformaci\u00f3n de Chiari desarrollan un syrinx, un quiste lleno de l\u00edquido, dentro de la m\u00e9dula espinal. A medida que este quiste aumenta de tama\u00f1o, ejerce presi\u00f3n sobre la m\u00e9dula espinal, lo que provoca s\u00edntomas como entumecimiento de las extremidades, problemas de movilidad y dificultades respiratorias.<\/li>\n\n\n\n<li><strong>S\u00edndrome de la m\u00e9dula anclada:<\/strong> Otra afecci\u00f3n relacionada es el s\u00edndrome de la m\u00e9dula anclada, en el que la m\u00e9dula espinal se une de forma anormal a la columna vertebral, provocando estiramientos y el consiguiente da\u00f1o nervioso y muscular en la parte inferior del cuerpo.<\/li>\n<\/ul>\n<\/li>\n<\/ol>\n\n\n\n<p>Cada variante de la malformaci\u00f3n de Chiari presenta retos y s\u00edntomas \u00fanicos, que repercuten de diversas maneras en la vida de los afectados. La gravedad y la naturaleza de estos s\u00edntomas suelen llevar a preguntarse si la malformaci\u00f3n de Chiari es una discapacidad. Para muchas personas, los efectos f\u00edsicos y neurol\u00f3gicos de la malformaci\u00f3n de Chiari constituyen una discapacidad que dificulta considerablemente su capacidad para realizar actividades cotidianas y llevar una vida laboral normal. Comprender estas variantes es vital para una intervenci\u00f3n m\u00e9dica adecuada, para adaptar el estilo de vida y para solicitar prestaciones por incapacidad en caso necesario.<\/p>\n\n\n\n<figure class=\"wp-block-table\"><table><thead><tr><th><strong>Tipo de malformaci\u00f3n de Chiari<\/strong><\/th><th><strong>S\u00edntomas<\/strong><\/th><th><strong>Posibles complicaciones<\/strong><\/th><th><strong>Impacto en la vida cotidiana<\/strong><\/th><\/tr><\/thead><tbody><tr><td><strong>Tipo 1<\/strong><\/td><td>Dolores de cabeza, dolor de cuello, problemas de coordinaci\u00f3n de las manos, mareos<\/td><td>Ac\u00fafenos, escoliosis, problemas respiratorios<\/td><td>Retos en el empleo, cambios en el estilo de vida<\/td><\/tr><tr><td><strong>Tipo 2<\/strong><\/td><td>Intrusi\u00f3n m\u00e1s pronunciada del tejido cerebral, s\u00edntomas similares al Tipo 1<\/td><td>Hidrocefalia, aumento de la presi\u00f3n intracraneal<\/td><td>Requiere intervenciones quir\u00fargicas, afecta al trabajo y a la movilidad<\/td><\/tr><tr><td><strong>Formaci\u00f3n de siringe\/s\u00edndrome del cord\u00f3n umbilical anclado<\/strong><\/td><td>Entumecimiento de las extremidades, problemas de movilidad, dificultades respiratorias<\/td><td>Lesiones nerviosas y musculares en la parte inferior del cuerpo<\/td><td>Alteraciones significativas de la movilidad y el funcionamiento diario<\/td><\/tr><\/tbody><\/table><\/figure>\n\n\n\n<h3 class=\"wp-block-heading\">Diagn\u00f3stico de la malformaci\u00f3n de Chiari<\/h3>\n\n\n\n<p>El camino hacia el diagn\u00f3stico de la malformaci\u00f3n de Chiari es un paso fundamental en el tratamiento y la comprensi\u00f3n de esta compleja afecci\u00f3n neurol\u00f3gica. Un diagn\u00f3stico preciso no s\u00f3lo ayuda a desarrollar un plan de tratamiento eficaz, sino que tambi\u00e9n desempe\u00f1a un papel fundamental a la hora de responder a la pregunta vital: \u00ab\u00bfes la malformaci\u00f3n de Chiari una discapacidad?\u00bb. A continuaci\u00f3n se detalla el proceso de diagn\u00f3stico:<\/p>\n\n\n\n<ol class=\"wp-block-list\">\n<li><strong>Evaluaci\u00f3n inicial:<\/strong>\n<ul class=\"wp-block-list\">\n<li><strong>Evaluaci\u00f3n de los s\u00edntomas:<\/strong> El viaje de diagn\u00f3stico a menudo comienza con una evaluaci\u00f3n exhaustiva de los s\u00edntomas. Los m\u00e9dicos pueden realizar ex\u00e1menes f\u00edsicos y revisar el historial m\u00e9dico para identificar signos compatibles con la malformaci\u00f3n de Chiari.<\/li>\n\n\n\n<li><strong>Importancia de un diagn\u00f3stico preciso:<\/strong> El diagn\u00f3stico precoz y preciso es clave para gestionar eficazmente la malformaci\u00f3n de Chiari y puede ser fundamental para determinar el estado de discapacidad.<\/li>\n<\/ul>\n<\/li>\n\n\n\n<li><strong>T\u00e9cnicas avanzadas de imagen:<\/strong>\n<ul class=\"wp-block-list\">\n<li><strong>Resonancia magn\u00e9tica (RM):<\/strong> las RM son fundamentales para el diagn\u00f3stico de la malformaci\u00f3n de Chiari. Proporcionan im\u00e1genes detalladas en 3D de la estructura del cerebro, lo que permite a los m\u00e9dicos ver si el tejido cerebral se extiende hacia el canal medular y de qu\u00e9 manera.<\/li>\n\n\n\n<li><strong>Tomograf\u00eda computarizada (TC):<\/strong> En algunos casos, las tomograf\u00edas computarizadas se utilizan junto con las resonancias magn\u00e9ticas. Ayudan a detectar tumores cerebrales, da\u00f1os cerebrales o problemas relacionados con los vasos sangu\u00edneos y los huesos que puedan estar contribuyendo a los s\u00edntomas del paciente.<\/li>\n<\/ul>\n<\/li>\n\n\n\n<li><strong>An\u00e1lisis de los resultados de las im\u00e1genes:<\/strong>\n<ul class=\"wp-block-list\">\n<li><strong>Identificaci\u00f3n de la malformaci\u00f3n de Chiari:<\/strong> Mediante resonancias magn\u00e9ticas y tomograf\u00edas computarizadas, los m\u00e9dicos pueden identificar la extensi\u00f3n de la protrusi\u00f3n del tejido cerebral y evaluar su impacto en las estructuras circundantes.<\/li>\n\n\n\n<li><strong>Distinci\u00f3n de otras afecciones:<\/strong> Estas pruebas de imagen tambi\u00e9n ayudan a diferenciar la malformaci\u00f3n de Chiari de otras afecciones similares, lo que garantiza un diagn\u00f3stico preciso.<\/li>\n<\/ul>\n<\/li>\n\n\n\n<li><strong>Pruebas adicionales:<\/strong>\n<ul class=\"wp-block-list\">\n<li><strong>Evaluaci\u00f3n adicional:<\/strong> En ciertos casos, pueden realizarse pruebas adicionales como una punci\u00f3n lumbar o una electromiograf\u00eda (EMG) para evaluar el flujo de l\u00edquido cefalorraqu\u00eddeo o la funci\u00f3n nerviosa y muscular.<\/li>\n<\/ul>\n<\/li>\n<\/ol>\n\n\n\n<p>El proceso de diagn\u00f3stico de la malformaci\u00f3n de Chiari no consiste s\u00f3lo en identificar la afecci\u00f3n, sino tambi\u00e9n en comprender su gravedad y las posibles implicaciones para la vida diaria y la capacidad laboral. Esta comprensi\u00f3n es crucial para que las personas y los profesionales m\u00e9dicos puedan responder a la pregunta \u00ab\u00bfes la malformaci\u00f3n de Chiari una discapacidad?\u00bb y planificar estrategias de tratamiento adecuadas.<\/p>\n\n\n\n<figure class=\"wp-block-table\"><table><thead><tr><th><strong>M\u00e9todo de diagn\u00f3stico<\/strong><\/th><th><strong>Prop\u00f3sito<\/strong><\/th><th><strong>Importancia en el diagn\u00f3stico de la malformaci\u00f3n de Chiari<\/strong><\/th><\/tr><\/thead><tbody><tr><td><strong>IRM (im\u00e1genes por resonancia magn\u00e9tica)<\/strong><\/td><td>Proporciona im\u00e1genes detalladas en 3D del cerebro y la m\u00e9dula espinal<\/td><td>Esencial para identificar el tejido cerebral que se extiende en el canal espinal<\/td><\/tr><tr><td><strong>Tomograf\u00eda computarizada (TC)<\/strong><\/td><td>Detecta tumores cerebrales, lesiones cerebrales o anomal\u00edas vasculares y esquel\u00e9ticas.<\/td><td>Se utiliza junto con la IRM para diferenciar la malformaci\u00f3n de Chiari de otras afecciones<\/td><\/tr><tr><td><strong>Spinal Tap<\/strong><\/td><td>Eval\u00faa el flujo de l\u00edquido cefalorraqu\u00eddeo<\/td><td>Ayuda a evaluar el impacto de la malformaci\u00f3n en la din\u00e1mica del l\u00edquido cefalorraqu\u00eddeo.<\/td><\/tr><tr><td><strong>Electromiograf\u00eda (EMG)<\/strong><\/td><td>Prueba la funci\u00f3n nerviosa y muscular<\/td><td>Se utiliza para evaluar los s\u00edntomas neuromusculares relacionados con la malformaci\u00f3n de Chiari.<\/td><\/tr><\/tbody><\/table><\/figure>\n\n\n\n<h2 class=\"wp-block-heading\">La malformaci\u00f3n de Chiari y su repercusi\u00f3n en la vida cotidiana<\/h2>\n\n\n\n<p>La influencia de la malformaci\u00f3n de Chiari en la vida diaria y la capacidad laboral plantea una pregunta importante: \u00ab\u00bfes la malformaci\u00f3n de Chiari una discapacidad?\u00bb. Esta compleja afecci\u00f3n neurol\u00f3gica var\u00eda en gravedad y a menudo provoca s\u00edntomas que alteran la vida y la necesidad de importantes intervenciones m\u00e9dicas.<\/p>\n\n\n\n<ol class=\"wp-block-list\">\n<li><strong>Retos f\u00edsicos y consideraciones sobre discapacidad:<\/strong>\n<ul class=\"wp-block-list\">\n<li><strong>S\u00edntomas debilitantes:<\/strong> Los fuertes dolores de cabeza, el dolor de cuello y la debilidad muscular asociados a la malformaci\u00f3n de Chiari pueden ser incapacitantes y afectar a la capacidad de la persona para realizar sus actividades cotidianas.<\/li>\n\n\n\n<li><strong>Deterioro de la motricidad fina:<\/strong> Para muchos, la pregunta \u00ab\u00bfes la malformaci\u00f3n de Chiari una discapacidad?\u00bb es pertinente cuando el trastorno afecta a tareas que requieren destreza manual, ya que dificulta el rendimiento laboral.<\/li>\n\n\n\n<li><strong>Alcance de las limitaciones f\u00edsicas:<\/strong> El grado de entumecimiento de las extremidades superiores y de debilidad muscular lleva a menudo a las personas a preguntarse si la malformaci\u00f3n de Chiari es una discapacidad en el contexto de su vida personal y profesional.<\/li>\n<\/ul>\n<\/li>\n\n\n\n<li><strong>Capacidad laboral y la cuesti\u00f3n de la discapacidad:<\/strong>\n<ul class=\"wp-block-list\">\n<li><strong>Intervenciones quir\u00fargicas:<\/strong> Las cirug\u00edas necesarias, como la descompresi\u00f3n de la fosa posterior, suelen conllevar estancias hospitalarias y periodos de recuperaci\u00f3n prolongados. Esta realidad obliga a muchos a plantearse \u00ab\u00bfes la malformaci\u00f3n de Chiari una discapacidad?\u00bb debido a las prolongadas bajas laborales.<\/li>\n\n\n\n<li><strong>Reducci\u00f3n de las capacidades laborales:<\/strong> La repercusi\u00f3n del trastorno en la motricidad fina y la concentraci\u00f3n lleva con frecuencia a preguntarse si la malformaci\u00f3n de Chiari es una discapacidad, especialmente cuando afecta de forma significativa al rendimiento laboral.<\/li>\n\n\n\n<li><strong>Adaptaciones laborales:<\/strong> Comprender \u00ab\u00bfes la malformaci\u00f3n de Chiari una discapacidad?\u00bb es crucial para quienes buscan adaptaciones en el lugar de trabajo o prestaciones por discapacidad debido a la reducci\u00f3n de sus capacidades laborales.<\/li>\n<\/ul>\n<\/li>\n\n\n\n<li><strong>Ajustes del estilo de vida y situaci\u00f3n de discapacidad:<\/strong>\n<ul class=\"wp-block-list\">\n<li><strong>Retos de la vida diaria:<\/strong> El da\u00f1o nervioso puede causar dificultades para caminar y estar de pie, lo que lleva a muchos a preguntarse \u00ab\u00bfes la malformaci\u00f3n de Chiari una discapacidad?\u00bb en t\u00e9rminos de movilidad.<\/li>\n\n\n\n<li><strong>Mayor necesidad de ir al ba\u00f1o:<\/strong> Los problemas de control de la vejiga y las mayores necesidades de ir al ba\u00f1o a menudo hacen que la pregunta sobre la discapacidad, \u00ab\u00bfes la malformaci\u00f3n de Chiari una discapacidad?<\/li>\n\n\n\n<li><strong>Preocupaci\u00f3n por la calidad de vida:<\/strong> Para las personas gravemente afectadas, comprender si la malformaci\u00f3n de Chiari es una discapacidad es clave para acceder a las ayudas y adaptaciones necesarias.<\/li>\n<\/ul>\n<\/li>\n<\/ol>\n\n\n\n<p>En conclusi\u00f3n, el impacto de la malformaci\u00f3n de Chiari en la vida diaria y la capacidad laboral es significativo. Para muchas personas, la respuesta a la pregunta \u00ab\u00bfes la malformaci\u00f3n de Chiari una discapacidad?\u00bb es un s\u00ed rotundo, sobre todo cuando la afecci\u00f3n impone limitaciones considerables a sus capacidades f\u00edsicas, su rendimiento laboral y su calidad de vida en general. Esto subraya la necesidad de una atenci\u00f3n m\u00e9dica integral, sistemas de apoyo y, cuando proceda, la obtenci\u00f3n de prestaciones por incapacidad.<\/p>\n\n\n\n<figure class=\"wp-block-table\"><table><thead><tr><th><strong>Aspecto de la vida<\/strong><\/th><th><strong>Retos debidos a la malformaci\u00f3n de Chiari<\/strong><\/th><th><strong>Repercusi\u00f3n en la situaci\u00f3n de discapacidad<\/strong><\/th><\/tr><\/thead><tbody><tr><td><strong>Habilidades f\u00edsicas<\/strong><\/td><td>Dolores de cabeza, dolor de cuello, debilidad muscular<\/td><td>Dificulta las actividades cotidianas, surgen preguntas del tipo \u00ab\u00bfes la malformaci\u00f3n de Chiari una discapacidad?<\/td><\/tr><tr><td><strong>Funciones cognitivas<\/strong><\/td><td>Dificultad para concentrarse, posibles efectos emocionales<\/td><td>Afecta al rendimiento laboral, influyendo en la consideraci\u00f3n de discapacidad<\/td><\/tr><tr><td><strong>Capacidad de trabajo<\/strong><\/td><td>Deterioro de la motricidad fina, citas m\u00e9dicas frecuentes<\/td><td>Conlleva una reducci\u00f3n de la productividad y posibles adaptaciones del puesto de trabajo, lo que plantea la pregunta \u00ab\u00bfes la malformaci\u00f3n de Chiari una discapacidad?<\/td><\/tr><tr><td><strong>Cambios en el estilo de vida<\/strong><\/td><td>Problemas de movilidad, mayor necesidad de ir al ba\u00f1o<\/td><td>Requiere ajustes significativos en la vida diaria, lo que pone de relieve si la malformaci\u00f3n de Chiari es una discapacidad.<\/td><\/tr><\/tbody><\/table><\/figure>\n\n\n\n<p>Para conocer en profundidad las variantes de la malformaci\u00f3n de Chiari, incluidas la malformaci\u00f3n de Chiari tipo 1 y tipo 2, lea el <a href=\"https:\/\/www.ncbi.nlm.nih.gov\/books\/NBK430685\/\" target=\"_blank\" rel=\"noreferrer noopener\">resumen detallado proporcionado por el NCBI<\/a>.<\/p>\n\n\n\n<h3 class=\"wp-block-heading\">Solicitud de prestaciones de incapacidad por malformaci\u00f3n de Chiari<\/h3>\n\n\n\n<p>Cuando la malformaci\u00f3n de Chiari perjudica considerablemente su vida laboral, la pregunta cr\u00edtica \u00ab\u00bfes la malformaci\u00f3n de Chiari una discapacidad?\u00bb adquiere especial relevancia en el contexto de<a href=\"https:\/\/www.staging.labovick.com\/blog\/how-do-you-apply-for-social-security-disability-benefits\/\"> las prestaciones por Discapacidad del Seguro Social<\/a>. Comprender y navegar por las complejidades del derecho a prestaciones por incapacidad es esencial para las personas afectadas por esta enfermedad.<\/p>\n\n\n\n<ol class=\"wp-block-list\">\n<li><strong>Requisitos para percibir prestaciones por incapacidad:<\/strong>\n<ul class=\"wp-block-list\">\n<li><strong>Evaluar el impacto:<\/strong> Si la malformaci\u00f3n de Chiari limita su capacidad laboral, es importante evaluar si \u00ab\u00bfes la malformaci\u00f3n de Chiari una discapacidad?\u00bb seg\u00fan las directrices de la Administraci\u00f3n de la Seguridad Social.<\/li>\n\n\n\n<li><strong>Criterios para las prestaciones:<\/strong> La Administraci\u00f3n de la Seguridad Social tiene criterios espec\u00edficos para determinar si \u00ab\u00bfes la malformaci\u00f3n de Chiari una discapacidad?\u00bb y si las personas cumplen los requisitos para recibir prestaciones por discapacidad en funci\u00f3n de su afecci\u00f3n m\u00e9dica y su repercusi\u00f3n en su capacidad para trabajar.<\/li>\n<\/ul>\n<\/li>\n\n\n\n<li><strong>Asistencia jur\u00eddica y defensa:<\/strong>\n<ul class=\"wp-block-list\">\n<li><strong>Apoyo legal experto:<\/strong> En LaBovick Abogados, nos especializamos en responder a la pregunta, &#8216;\u00bfes la malformaci\u00f3n de Chiari una discapacidad?&#8217; para nuestros clientes. Nuestros experimentados <strong> <a href=\"https:\/\/www.staging.labovick.com\/es\/abogado-seguro-social-discapacidad\/\">Abogados de Seguro Social por Discapacidad<\/a> <\/strong> est\u00e1n capacitados para interpretar y aplicar estos criterios a casos individuales.<\/li>\n\n\n\n<li><strong>Creaci\u00f3n de un caso s\u00f3lido:<\/strong> Nos centramos en demostrar c\u00f3mo \u00ab\u00bfes la malformaci\u00f3n de Chiari una discapacidad?\u00bb en su situaci\u00f3n espec\u00edfica, preparando un caso completo para presentar a la Administraci\u00f3n de la Seguridad Social.<\/li>\n\n\n\n<li><strong>Aumento de las posibilidades de aprobaci\u00f3n:<\/strong> La experiencia de nuestro equipo legal a la hora de abordar la pregunta \u00ab\u00bfes la malformaci\u00f3n de Chiari una discapacidad?\u00bb aumenta significativamente las probabilidades de que su caso sea aprobado para recibir prestaciones por discapacidad.<\/li>\n<\/ul>\n<\/li>\n\n\n\n<li><strong>Navegar por el proceso de solicitud:<\/strong>\n<ul class=\"wp-block-list\">\n<li><strong>Orientaci\u00f3n sobre la solicitud:<\/strong> Le guiamos a trav\u00e9s del complejo proceso de solicitud, asegur\u00e1ndonos de que toda la informaci\u00f3n pertinente relativa a \u00ab\u00bfes la malformaci\u00f3n de Chiari una discapacidad?\u00bb en su caso se presenta de forma precisa y eficaz.<\/li>\n\n\n\n<li><strong>Documentaci\u00f3n y pruebas:<\/strong> Proporcionar historiales m\u00e9dicos detallados y pruebas es clave para afirmar \u00ab\u00bfes la malformaci\u00f3n de Chiari una discapacidad?\u00bb a efectos de su solicitud de incapacidad.<\/li>\n\n\n\n<li><strong>Apoyo continuo:<\/strong> A lo largo de todo el proceso, nuestro equipo mantiene el compromiso de afirmar &#8216;\u00bfes la malformaci\u00f3n de chiari una discapacidad?&#8217; en su caso, ofreci\u00e9ndole apoyo y asesoramiento continuos.<\/li>\n<\/ul>\n<\/li>\n<\/ol>\n\n\n\n<p>En conclusi\u00f3n, si la malformaci\u00f3n de Chiari obstaculiza su capacidad para trabajar, es crucial estudiar \u00ab\u00bfes la malformaci\u00f3n de Chiari una discapacidad?\u00bb en el contexto de las prestaciones por incapacidad de la Seguridad Social. Con el apoyo de LaBovick Abogados, puede navegar por los criterios de elegibilidad y el proceso de solicitud de manera efectiva, mejorando sus posibilidades de obtener el apoyo y los beneficios que necesita.<\/p>\n\n\n\n<h2 class=\"wp-block-heading\">Conclusiones: Navegar por la vida con malformaci\u00f3n de Chiari y comprender las prestaciones por discapacidad<\/h2>\n\n\n\n<p>En conclusi\u00f3n, al abordar las complejidades de la malformaci\u00f3n de Chiari, surge con frecuencia una pregunta central: \u00ab\u00bfes la malformaci\u00f3n de Chiari una discapacidad?\u00bb. Esta pregunta no es s\u00f3lo de relevancia m\u00e9dica, sino que tambi\u00e9n tiene importantes implicaciones para consideraciones jur\u00eddicas y sociales. Aqu\u00ed reiteramos los puntos clave para subrayar la importancia de esta cuesti\u00f3n en diversos contextos:<\/p>\n\n\n\n<ol class=\"wp-block-list\">\n<li><strong>Malformaci\u00f3n de Chiari e impacto en la vida diaria:<\/strong>\n<ul class=\"wp-block-list\">\n<li>\u00bfEs la malformaci\u00f3n de Chiari una discapacidad? Esta pregunta es vital a la hora de considerar c\u00f3mo afecta la enfermedad a las actividades cotidianas.<\/li>\n\n\n\n<li>El abanico de s\u00edntomas, desde fuertes dolores de cabeza hasta debilidad muscular, lleva a menudo a las personas a preguntarse si la malformaci\u00f3n de Chiari es una discapacidad en su vida cotidiana.<\/li>\n\n\n\n<li>La medida en que la malformaci\u00f3n de Chiari obstaculiza las capacidades f\u00edsicas y la eficiencia laboral hace que la pregunta \u00ab\u00bfes la malformaci\u00f3n de Chiari una discapacidad?\u00bb resulte especialmente pertinente.<\/li>\n<\/ul>\n<\/li>\n\n\n\n<li><strong>Empleo y estabilidad financiera:<\/strong>\n<ul class=\"wp-block-list\">\n<li>En el lugar de trabajo, la pregunta \u00ab\u00bfes la malformaci\u00f3n de Chiari una discapacidad?\u00bb resulta crucial, sobre todo cuando se buscan adaptaciones o permisos por discapacidad.<\/li>\n\n\n\n<li>La necesidad de intervenciones quir\u00fargicas y el tiempo de recuperaci\u00f3n amplifican a\u00fan m\u00e1s la relevancia de la pregunta \u00ab\u00bfes la malformaci\u00f3n de Chiari una discapacidad?\u00bb en relaci\u00f3n con la estabilidad laboral y la seguridad econ\u00f3mica.<\/li>\n\n\n\n<li>Para quienes luchan por mantener un empleo debido a la malformaci\u00f3n de Chiari, explorar \u00ab\u00bfes la malformaci\u00f3n de Chiari una discapacidad?\u00bb es un paso clave para asegurarse las ayudas y prestaciones necesarias.<\/li>\n<\/ul>\n<\/li>\n\n\n\n<li><strong>Consideraciones jur\u00eddicas y prestaciones por incapacidad:<\/strong>\n<ul class=\"wp-block-list\">\n<li>A la hora de solicitar prestaciones por incapacidad, la pregunta \u00ab\u00bfes la malformaci\u00f3n de Chiari una incapacidad?\u00bb es fundamental en el proceso de elegibilidad.<\/li>\n\n\n\n<li>Expertos legales, como el equipo de LaBovick Abogados, se especializan en afirmar &#8216;\u00bfes la malformaci\u00f3n de Chiari una discapacidad?&#8217; para los clientes que buscan beneficios de Incapacidad del Seguro Social.<\/li>\n\n\n\n<li>Comprender y demostrar \u00ab\u00bfes la malformaci\u00f3n de Chiari una discapacidad?\u00bb es fundamental para conseguir el apoyo y los recursos necesarios para los afectados.<\/li>\n<\/ul>\n<\/li>\n\n\n\n<li><strong>Reflexiones finales:<\/strong>\n<ul class=\"wp-block-list\">\n<li>La pregunta \u00ab\u00bfes la malformaci\u00f3n de Chiari una discapacidad?\u00bb resuena m\u00e1s all\u00e1 del diagn\u00f3stico m\u00e9dico e influye en aspectos jur\u00eddicos, econ\u00f3micos y sociales de la vida.<\/li>\n\n\n\n<li>Reconocer y abordar la pregunta \u00ab\u00bfes la malformaci\u00f3n de Chiari una discapacidad?\u00bb es esencial para acceder a la atenci\u00f3n m\u00e9dica, la asistencia jur\u00eddica y el apoyo social adecuados.<\/li>\n\n\n\n<li>En \u00faltima instancia, la respuesta afirmativa a la pregunta \u00ab\u00bfes la malformaci\u00f3n de Chiari una discapacidad?\u00bb depende de las circunstancias individuales, pero para muchos es una realidad que requiere comprensi\u00f3n, empat\u00eda y apoyo integral.<\/li>\n<\/ul>\n<\/li>\n<\/ol>\n\n\n\n<p>En resumen, la pregunta \u00ab\u00bfes la malformaci\u00f3n de Chiari una discapacidad?\u00bb es polifac\u00e9tica y fundamental para las personas que se enfrentan a esta dif\u00edcil afecci\u00f3n. Al explorar esta cuesti\u00f3n desde diversos \u00e1ngulos, adquirimos una comprensi\u00f3n m\u00e1s profunda de la malformaci\u00f3n de Chiari y sus repercusiones de largo alcance.<\/p>\n\n\n\n<h2 class=\"wp-block-heading\">Preguntas Frecuentes relacionadas: \u00bfEs la Malformaci\u00f3n de Chiari una discapacidad?<\/h2>\n\n\n<div id=\"rank-math-faq\" class=\"rank-math-block\">\n<div class=\"rank-math-list \">\n<div id=\"faq-question-1701697000426\" class=\"rank-math-list-item\">\n<h3 class=\"rank-math-question \"><strong>\u00bfQu\u00e9 es la malformaci\u00f3n de Chiari y c\u00f3mo afecta a las personas?<\/strong><\/h3>\n<div class=\"rank-math-answer \">\n\n<p>La malformaci\u00f3n de Chiari es un trastorno neurol\u00f3gico en el que el tejido cerebral se extiende por el canal raqu\u00eddeo. Esta afecci\u00f3n puede causar s\u00edntomas como dolores de cabeza, mareos y debilidad muscular. Entender \u00ab\u00bfes la malformaci\u00f3n de Chiari una discapacidad?\u00bb es esencial, ya que afecta al tratamiento y a las prestaciones por discapacidad.<\/p>\n\n<\/div>\n<\/div>\n<div id=\"faq-question-1701697015339\" class=\"rank-math-list-item\">\n<h3 class=\"rank-math-question \"><strong>\u00bfEs la malformaci\u00f3n de Chiari una discapacidad seg\u00fan la Administraci\u00f3n de la Seguridad Social?<\/strong><\/h3>\n<div class=\"rank-math-answer \">\n\n<p>\u00bfEs la malformaci\u00f3n de Chiari una discapacidad?\u00bb es una pregunta habitual para quienes solicitan prestaciones por incapacidad de la Seguridad Social. La enfermedad puede considerarse una discapacidad si merma considerablemente la capacidad de la persona para trabajar y realizar las actividades cotidianas.<\/p>\n\n<\/div>\n<\/div>\n<div id=\"faq-question-1701697027955\" class=\"rank-math-list-item\">\n<h3 class=\"rank-math-question \"><strong>\u00bfC\u00f3mo afecta la malformaci\u00f3n de Chiari a la vida diaria y al empleo?<\/strong><\/h3>\n<div class=\"rank-math-answer \">\n\n<p>La pregunta \u00ab\u00bfes la malformaci\u00f3n de Chiari una discapacidad?\u00bb es crucial a la hora de evaluar su impacto en la vida cotidiana. S\u00edntomas como fuertes dolores de cabeza y alteraciones de las habilidades motoras pueden dificultar el rendimiento laboral y exigir cambios en el estilo de vida.<\/p>\n\n<\/div>\n<\/div>\n<div id=\"faq-question-1701697044940\" class=\"rank-math-list-item\">\n<h3 class=\"rank-math-question \"><strong>\u00bfPueden las personas con malformaci\u00f3n de Chiari recibir prestaciones por incapacidad?<\/strong><\/h3>\n<div class=\"rank-math-answer \">\n\n<p>A menudo, las personas se preguntan si la malformaci\u00f3n de Chiari es una discapacidad cuando se plantean si cumplen los requisitos para recibir prestaciones por incapacidad. Si la afecci\u00f3n limita gravemente la capacidad para trabajar, la persona puede tener derecho a prestaciones con arreglo a criterios espec\u00edficos establecidos por la Administraci\u00f3n de la Seguridad Social.<\/p>\n\n<\/div>\n<\/div>\n<\/div>\n<\/div>","protected":false},"excerpt":{"rendered":"<p>Introducci\u00f3n a la malformaci\u00f3n de Chiari La malformaci\u00f3n de Chiari, un raro trastorno neurol\u00f3gico, se produce cuando el tejido cerebral se extiende por el canal raqu\u00eddeo. Esta protuberancia, situada en la base del cr\u00e1neo, ejerce presi\u00f3n sobre la m\u00e9dula espinal y el cerebro. Predominantemente una anomal\u00eda cong\u00e9nita, el diagn\u00f3stico de la malformaci\u00f3n de Chiari es [&hellip;]<\/p>\n","protected":false},"author":25,"featured_media":35768,"comment_status":"open","ping_status":"open","sticky":false,"template":"","format":"standard","meta":{"_acf_changed":false,"footnotes":""},"categories":[2234],"tags":[],"class_list":["post-35839","post","type-post","status-publish","format-standard","has-post-thumbnail","hentry","category-seguro-social-por-discapacidad"],"acf":[],"_links":{"self":[{"href":"https:\/\/www.staging.labovick.com\/es\/wp-json\/wp\/v2\/posts\/35839"}],"collection":[{"href":"https:\/\/www.staging.labovick.com\/es\/wp-json\/wp\/v2\/posts"}],"about":[{"href":"https:\/\/www.staging.labovick.com\/es\/wp-json\/wp\/v2\/types\/post"}],"author":[{"embeddable":true,"href":"https:\/\/www.staging.labovick.com\/es\/wp-json\/wp\/v2\/users\/25"}],"replies":[{"embeddable":true,"href":"https:\/\/www.staging.labovick.com\/es\/wp-json\/wp\/v2\/comments?post=35839"}],"version-history":[{"count":5,"href":"https:\/\/www.staging.labovick.com\/es\/wp-json\/wp\/v2\/posts\/35839\/revisions"}],"predecessor-version":[{"id":35845,"href":"https:\/\/www.staging.labovick.com\/es\/wp-json\/wp\/v2\/posts\/35839\/revisions\/35845"}],"wp:featuredmedia":[{"embeddable":true,"href":"https:\/\/www.staging.labovick.com\/es\/wp-json\/wp\/v2\/media\/35768"}],"wp:attachment":[{"href":"https:\/\/www.staging.labovick.com\/es\/wp-json\/wp\/v2\/media?parent=35839"}],"wp:term":[{"taxonomy":"category","embeddable":true,"href":"https:\/\/www.staging.labovick.com\/es\/wp-json\/wp\/v2\/categories?post=35839"},{"taxonomy":"post_tag","embeddable":true,"href":"https:\/\/www.staging.labovick.com\/es\/wp-json\/wp\/v2\/tags?post=35839"}],"curies":[{"name":"wp","href":"https:\/\/api.w.org\/{rel}","templated":true}]}}