{"id":36864,"date":"2021-12-07T19:08:38","date_gmt":"2021-12-07T23:08:38","guid":{"rendered":"https:\/\/www.staging.labovick.com\/blog\/la-enfermedad-de-perthes-pantorrillas-puede-inhabilitar-en-la-adultez\/"},"modified":"2024-02-28T11:52:37","modified_gmt":"2024-02-28T15:52:37","slug":"enfermedad-de-perthes-discapacidad","status":"publish","type":"post","link":"https:\/\/www.staging.labovick.com\/es\/blog\/enfermedad-de-perthes-discapacidad\/","title":{"rendered":"La enfermedad de Perthes en la edad adulta: Evaluaci\u00f3n de la discapacidad, implicaciones legales y redes de apoyo"},"content":{"rendered":"\n<h2 class=\"wp-block-heading\">Introducci\u00f3n: La enfermedad de Perthes como discapacidad en la vida adulta<\/h2>\n\n\n\n<p>La enfermedad de <em>Perthes<\/em>, una afecci\u00f3n conocida principalmente por su impacto en los ni\u00f1os, a menudo arrastra sus efectos hasta la edad adulta, lo que lleva a una pregunta importante y compleja: \u00bf La enfermedad de <em>Perthes <\/em>puede ser considerada una discapacidad en adultos? Esta pregunta no es solo cuesti\u00f3n de diagn\u00f3stico m\u00e9dico, sino que tambi\u00e9n implica comprender las implicaciones m\u00e1s amplias de la enfermedad en la vida de una persona. Al adentrarnos en este tema, buscaremos comprender las distintas dimensiones de c\u00f3mo la enfermedad de <em>Perthes <\/em>es una discapacidad en adultos, considerando las experiencias de quienes han vivido con esta afecci\u00f3n desde la infancia hasta la edad adulta.<\/p>\n\n\n\n<p>La cuesti\u00f3n de si la enfermedad de <em>Perthes<\/em> es una discapacidad en adultos es amplia. por lo que abarca una serie de aspectos:<\/p>\n\n\n\n<ul class=\"wp-block-list\">\n<li><strong>S\u00edntomas f\u00edsicos en adultos:<\/strong>\n<ul class=\"wp-block-list\">\n<li>Quienes padecieron la enfermedad de <em>Perthes<\/em> de ni\u00f1os suelen seguir experimentando s\u00edntomas como dolor cr\u00f3nico y rigidez articular en la edad adulta.<\/li>\n\n\n\n<li>El riesgo de desarrollar artrosis tambi\u00e9n es motivo de preocupaci\u00f3n, lo que complica a\u00fan m\u00e1s la cuesti\u00f3n de si la enfermedad de <em>Perthes<\/em> es una discapacidad en adultos.<\/li>\n<\/ul>\n<\/li>\n\n\n\n<li><strong>Impacto en el funcionamiento diario y el empleo:<\/strong>\n<ul class=\"wp-block-list\">\n<li>Estos s\u00edntomas pueden causar debilidad y afectar a las actividades cotidianas y a la vida profesional, lo que nos lleva de nuevo a la pregunta: \u00bfEs la enfermedad de <em>Perthes<\/em> una discapacidad en adultos?<\/li>\n\n\n\n<li>La capacidad para mantener un empleo y participar en interacciones sociales puede verse significativamente obstaculizada, lo que refuerza la relevancia de que la enfermedad de Perthes puede ser una discapacidad en adultos.<\/li>\n<\/ul>\n<\/li>\n\n\n\n<li><strong>Consideraciones m\u00e1s amplias:<\/strong>\n<ul class=\"wp-block-list\">\n<li>El camino para determinar si la enfermedad de <em>Perthes<\/em> puede ser una discapacidad en adultos implica no solo la salud f\u00edsica, sino tambi\u00e9n el bienestar emocional, las perspectivas jur\u00eddicas y las adaptaciones del estilo de vida.<\/li>\n\n\n\n<li>Cada aspecto contribuye a la exploraci\u00f3n global de si la enfermedad de <em>Perthes<\/em> es una discapacidad en adultos.<\/li>\n<\/ul>\n<\/li>\n<\/ul>\n\n\n\n<p>A medida que avancemos en este art\u00edculo, explicaremos detalladamente estas facetas para proporcionar una comprensi\u00f3n completa de las implicaciones de la enfermedad de <em>Perthes<\/em> en la vida adulta y responder a la pregunta fundamental: \u00bfEs la enfermedad de Perthes una discapacidad en adultos?<\/p>\n\n\n\n<p><a href=\"https:\/\/pubmed.ncbi.nlm.nih.gov\/36453046\/\" target=\"_blank\" rel=\"noopener\">Explore aqu\u00ed un estudio detallado sobre la enfermedad de Perthes en adultos<\/a><\/p>\n\n\n\n<h2 class=\"wp-block-heading\">Datos para responder a la pregunta: \u00bfEs la enfermedad de Perthes una discapacidad en adultos?<\/h2>\n\n\n\n<p>La enfermedad de Perthes, que afecta principalmente a los ni\u00f1os, suele tener efectos duraderos en la edad adulta. Esto nos lleva a una pregunta importante: \u00bfPuede&nbsp; la enfermedad de<em> Perthes<\/em> ser considerada una discapacidad en adultos? Las experiencias de los adultos que padecieron la enfermedad de <em>Perthes<\/em> de ni\u00f1os permiten comprender mejor esta cuesti\u00f3n. A menudo se enfrentan a una serie de s\u00edntomas que pueden alterar gravemente su vida cotidiana, lo que lleva a muchos a plantearse si la enfermedad de Perthes puede ser considerada&nbsp; una discapacidad en adultos.<\/p>\n\n\n\n<p><strong>S\u00edntomas comunes en adultos:<\/strong><\/p>\n\n\n\n<ul class=\"wp-block-list\">\n<li>Dolor cr\u00f3nico<\/li>\n\n\n\n<li>Rigidez articular<\/li>\n\n\n\n<li>Riesgo de artrosis<\/li>\n<\/ul>\n\n\n\n<p>Estos s\u00edntomas pueden dificultar significativamente el funcionamiento diario y el empleo, lo que hace que la pregunta de si la enfermedad de <em>Perthes<\/em> puede ser&nbsp; una discapacidad en adultos sea muy relevante.<\/p>\n\n\n\n<h3 class=\"wp-block-heading\">Seguro Social y enfermedad de Perthes<\/h3>\n\n\n\n<p>Al estudiar si la enfermedad de <em>Perthes<\/em> es una discapacidad en adultos, es importante conocer los requisitos para recibir prestaciones por discapacidad de la Seguridad Social. Para poder optar a ellas, debes demostrar que la enfermedad de <em>Perthes,<\/em> que puede durar o se prev\u00e9 que dure m\u00e1s de un a\u00f1o, limita sustancialmente tus capacidades laborales. Este es un factor clave para determinar si se trata de una discapacidad en adultos.<\/p>\n\n\n\n<p><strong>Criterios de admisibilidad:<\/strong><\/p>\n\n\n\n<ul class=\"wp-block-list\">\n<li>Duraci\u00f3n de la condici\u00f3n<\/li>\n\n\n\n<li>Impacto en la capacidad de trabajo<\/li>\n<\/ul>\n\n\n\n<h3 class=\"wp-block-heading\">Dispositivos de asistencia y enfermedad de Perthes<\/h3>\n\n\n\n<p>Al debatir si la enfermedad de <em>Perthe<\/em>s es una discapacidad en adultos, el uso de dispositivos de asistencia es una consideraci\u00f3n importante. Los adultos con enfermedad de <em>Perthes<\/em> suelen necesitar:<\/p>\n\n\n\n<p><strong>Dispositivos de ayuda utilizados:<\/strong><\/p>\n\n\n\n<ul class=\"wp-block-list\">\n<li>Muletas<\/li>\n\n\n\n<li>Caminadores<\/li>\n<\/ul>\n\n\n\n<p>Su dependencia de estos dispositivos,&nbsp; limita las oportunidades laborales que requieren movilidad f\u00edsica, y respalda a\u00fan m\u00e1s el argumento de que la enfermedad de <em>Perthes<\/em> puede ser considerada&nbsp; una discapacidad en adultos.<\/p>\n\n\n\n<h3 class=\"wp-block-heading\">La carga emocional de la enfermedad de Perthes<\/h3>\n\n\n\n<p>Teniendo en cuenta que la enfermedad de <em>Perthes <\/em>es una discapacidad en adultos, es importante reconocer el impacto emocional y psicol\u00f3gico. Los adultos que padecieron la enfermedad de <em>Perthes <\/em>de ni\u00f1os suelen experimentar:<\/p>\n\n\n\n<p><strong>Luchas emocionales:<\/strong><\/p>\n\n\n\n<ul class=\"wp-block-list\">\n<li>Frustraci\u00f3n<\/li>\n\n\n\n<li>Ansiedad<\/li>\n\n\n\n<li>Depresi\u00f3n<\/li>\n<\/ul>\n\n\n\n<p>Estos retos refuerzan la noci\u00f3n de que la enfermedad de <em>Perthes <\/em>es una discapacidad en adultos, dado su impacto sustancial en el bienestar general.<\/p>\n\n\n\n<h3 class=\"wp-block-heading\">Repercusiones de la enfermedad de Perthes en la vida personal y profesional<\/h3>\n\n\n\n<p>Al preguntarse si la enfermedad de <em>Perthes<\/em> es una discapacidad en adultos, hay que considerar sus efectos en los aspectos personales y profesionales de la vida. Esta afecci\u00f3n suele provocar dificultades en:<\/p>\n\n\n\n<p><strong>\u00c1reas de vida afectadas:<\/strong><\/p>\n\n\n\n<ul class=\"wp-block-list\">\n<li>Mantener el empleo<\/li>\n\n\n\n<li>Interacciones sociales<\/li>\n\n\n\n<li>Actividades diarias<\/li>\n<\/ul>\n\n\n\n<p>Este amplio impacto en la calidad de vida se suma a la comprensi\u00f3n de que la enfermedad de <em>Perthes<\/em> es una discapacidad en adultos.<\/p>\n\n\n\n<h3 class=\"wp-block-heading\">La importancia de la fisioterapia para los adultos con enfermedad de Perthes<\/h3>\n\n\n\n<p>El papel de la fisioterapia es fundamental. Ayuda a controlar los s\u00edntomas y a mejorar la movilidad, reduciendo potencialmente el impacto discapacitante de la enfermedad. Sin embargo, la necesidad continua de terapia subraya la naturaleza cr\u00f3nica de la enfermedad de <em>Perthes<\/em>, contribuyendo al di\u00e1logo sobre si la enfermedad de Perthes es una discapacidad en adultos.<\/p>\n\n\n\n<h3 class=\"wp-block-heading\">Intervenci\u00f3n precoz y su impacto en la enfermedad de Perthes<\/h3>\n\n\n\n<p>El diagn\u00f3stico y el tratamiento precoces pueden influir en el grado de discapacidad de la enfermedad de <em>Perthes <\/em>en adultos. Una intervenci\u00f3n m\u00e9dica oportuna en la infancia puede aliviar algunos efectos a largo plazo, pero para muchos, la pregunta de si la enfermedad de <em>Perthes <\/em>es una discapacidad en adultos sigue en pie debido al da\u00f1o irreversible de la enfermedad.<\/p>\n\n\n\n<h3 class=\"wp-block-heading\">Consideraciones jur\u00eddicas en las solicitudes de Seguro Social por Discapacidad por la enfermedad de Perthes<\/h3>\n\n\n\n<p>Para las personas que tratan de establecer si la enfermedad de <em>Perthes<\/em> es una discapacidad en adultos, conducir los aspectos legales de los reclamos de discapacidad es esencial. Entre los pasos importantes figuran:<\/p>\n\n\n\n<p><strong>Procesos legales para las solicitudes del seguro social por discapacidad:<\/strong><\/p>\n\n\n\n<ul class=\"wp-block-list\">\n<li>Entender la legislaci\u00f3n sobre discapacidad de la Seguridad Social<\/li>\n\n\n\n<li>Recopilaci\u00f3n de documentaci\u00f3n m\u00e9dica exhaustiva<\/li>\n<\/ul>\n\n\n\n<p>Estos pasos son vitales para quienes intentan demostrar que la enfermedad de <em>Perthes<\/em> es una discapacidad en adultos.<\/p>\n\n\n\n<h3 class=\"wp-block-heading\">Modificaciones del estilo de vida para tratar la enfermedad de Perthes<\/h3>\n\n\n\n<p>A la hora de considerar si la enfermedad de Perthes es una discapacidad en adultos, los ajustes en el estilo de vida desempe\u00f1an un papel importante. Los adultos con enfermedad de Perthes a menudo necesitan hacer cambios en:<\/p>\n\n\n\n<p><strong>Cambios en el estilo de vida:<\/strong><\/p>\n\n\n\n<ul class=\"wp-block-list\">\n<li>Dieta y control del peso<\/li>\n\n\n\n<li>Ejercicios de bajo impacto<\/li>\n\n\n\n<li>Ajustes del entorno de trabajo<\/li>\n<\/ul>\n\n\n\n<p>Estas modificaciones son importantes para controlar la enfermedad y subrayan a\u00fan m\u00e1s la pregunta: \u00bfEs la enfermedad de <em>Perthes<\/em> una discapacidad en adultos?<\/p>\n\n\n\n<h3 class=\"wp-block-heading\">Comunidad y apoyo para adultos con enfermedad de Perthes<\/h3>\n\n\n\n<p>Un factor clave para abordar la enfermedad de<em> Perthes<\/em> como discapacidad en adultos es la disponibilidad de redes de apoyo. Los adultos con enfermedad de <em>Perthes <\/em>se benefician de:<\/p>\n\n\n\n<p><strong>Opciones de soporte:<\/strong><\/p>\n\n\n\n<ul class=\"wp-block-list\">\n<li>Comunidades en l\u00ednea<\/li>\n\n\n\n<li>Grupos de apoyo<\/li>\n\n\n\n<li>Asesoramiento<\/li>\n<\/ul>\n\n\n\n<p>Estos recursos proporcionan apoyo emocional y pr\u00e1ctico, destacando el aspecto social de si la enfermedad de <em>Perthes <\/em>es una discapacidad en adultos.<\/p>\n\n\n\n<h2 class=\"wp-block-heading\">Pasos detallados del proceso de evaluaci\u00f3n de la discapacidad por enfermedad de Perthes<\/h2>\n\n\n\n<p>La Administraci\u00f3n de la Seguridad Social (SSA) sigue un proceso detallado para evaluar las solicitudes de discapacidad relacionadas con la enfermedad de <em>Perthes<\/em>:<\/p>\n\n\n\n<ol class=\"wp-block-list\">\n<li><strong>Confirmaci\u00f3n de la no participaci\u00f3n en trabajos sustanciales:<\/strong>\n<ul class=\"wp-block-list\">\n<li>La SSA comprueba en primer lugar si la persona realiza actividades laborales que se consideran una actividad lucrativa sustancial. Este paso es crucial para determinar si la discapacidad limita significativamente la capacidad de trabajar.<\/li>\n<\/ul>\n<\/li>\n\n\n\n<li><strong>Identificaci\u00f3n de la discapacidad grave:<\/strong>\n<ul class=\"wp-block-list\">\n<li>La atenci\u00f3n se centra entonces en establecer una discapacidad grave directamente relacionada con la enfermedad de <em>Perthes<\/em> o su consecuencia com\u00fan, la artrosis de cadera. Este paso implica una documentaci\u00f3n m\u00e9dica detallada.<\/li>\n<\/ul>\n<\/li>\n\n\n\n<li><strong>Comparaci\u00f3n con las deficiencias enumeradas:<\/strong>\n<ul class=\"wp-block-list\">\n<li>A continuaci\u00f3n, la enfermedad se compara con la lista oficial de deficiencias de la SSA. El objetivo es comprobar si la enfermedad de <em>Perthes <\/em>se corresponde o es equivalente a alguna de las deficiencias enumeradas.<\/li>\n<\/ul>\n<\/li>\n\n\n\n<li><strong>Evaluaci\u00f3n de la capacidad funcional residual:<\/strong>\n<ul class=\"wp-block-list\">\n<li>Una parte fundamental de la evaluaci\u00f3n consiste en analizar la capacidad funcional residual del individuo. Esto implica comprender c\u00f3mo afecta la enfermedad a capacidades como estar de pie, caminar y levantar peso.<\/li>\n<\/ul>\n<\/li>\n\n\n\n<li><strong>Evaluaci\u00f3n de la capacidad para el trabajo:<\/strong>\n<ul class=\"wp-block-list\">\n<li>Por \u00faltimo, la SSA determina si la persona puede realizar cualquier trabajo anterior o adaptarse a un nuevo trabajo, teniendo en cuenta las limitaciones impuestas por la enfermedad de <em>Perthes<\/em>.<\/li>\n<\/ul>\n<\/li>\n<\/ol>\n\n\n\n<h3 class=\"wp-block-heading\">Control de la artritis y el dolor en adultos con enfermedad de Perthes<\/h3>\n\n\n\n<p>El tratamiento del dolor es un aspecto cr\u00edtico para los adultos con enfermedad de <em>Perthes<\/em>, en particular los que padecen artritis:<\/p>\n\n\n\n<p><strong>Medicaci\u00f3n y tratamiento:<\/strong><\/p>\n\n\n\n<ul class=\"wp-block-list\">\n<li>El alivio del dolor suele implicar un r\u00e9gimen de medicamentos, adaptado a las necesidades y niveles de dolor de cada individuo.<\/li>\n\n\n\n<li>Las revisiones m\u00e9dicas peri\u00f3dicas son esenciales para controlar la eficacia de estos tratamientos.<\/li>\n<\/ul>\n\n\n\n<p><strong>Fisioterapia:<\/strong><\/p>\n\n\n\n<ul class=\"wp-block-list\">\n<li>Se desarrollan programas de fisioterapia personalizados para mejorar la funci\u00f3n articular y reducir el dolor.<\/li>\n\n\n\n<li>Los fisioterapeutas suelen recomendar ejercicios espec\u00edficos dirigidos a la zona de la cadera para mejorar la movilidad y la fuerza.<\/li>\n<\/ul>\n\n\n\n<p><strong>Uso de dispositivos de ayuda:<\/strong><\/p>\n\n\n\n<ul class=\"wp-block-list\">\n<li>Muchos adultos con enfermedad de <em>Perthes<\/em> necesitan dispositivos de asistencia, como bastones o andadores, para mantener la movilidad.<\/li>\n\n\n\n<li>Estos dispositivos pueden ayudar a reducir el dolor durante el movimiento y mejorar la calidad de vida en general.<\/li>\n<\/ul>\n\n\n\n<h3 class=\"wp-block-heading\">Abordar los efectos psicol\u00f3gicos y emocionales de la enfermedad de Perthes<\/h3>\n\n\n\n<p>El impacto de la enfermedad de <em>Perthes <\/em>va m\u00e1s all\u00e1 de los s\u00edntomas f\u00edsicos, afectando tambi\u00e9n a la salud mental:<\/p>\n\n\n\n<p><strong>Afrontar los retos emocionales:<\/strong><\/p>\n\n\n\n<ul class=\"wp-block-list\">\n<li>Los adultos con enfermedad de <em>Perthes<\/em> suelen experimentar problemas emocionales como ansiedad, frustraci\u00f3n y depresi\u00f3n.<\/li>\n\n\n\n<li>Es importante reconocer estos sentimientos como una respuesta natural a las limitaciones impuestas por la enfermedad.<\/li>\n<\/ul>\n\n\n\n<p><strong>B\u00fasqueda de apoyo en salud mental:<\/strong><\/p>\n\n\n\n<ul class=\"wp-block-list\">\n<li>La ayuda profesional de terapeutas o consejeros puede ser muy beneficiosa. Ofrecen estrategias para afrontar el impacto psicol\u00f3gico de la enfermedad.<\/li>\n\n\n\n<li>Las sesiones regulares de asesoramiento pueden proporcionar un espacio seguro para hablar de sentimientos y preocupaciones.<\/li>\n<\/ul>\n\n\n\n<p><strong>Crear una red de apoyo:<\/strong><\/p>\n\n\n\n<ul class=\"wp-block-list\">\n<li>Unirse a grupos de apoyo o comunidades en l\u00ednea para personas con enfermedad de Perthes ofrece una plataforma para compartir experiencias.<\/li>\n\n\n\n<li>Estos grupos proporcionan apoyo emocional y consejos pr\u00e1cticos, ayudando a las personas a sentirse menos aisladas en su viaje.<\/li>\n<\/ul>\n\n\n\n<h2 class=\"wp-block-heading\">La importancia de la asistencia jur\u00eddica experta en las solicitudes de discapacidad del Seguro Social<\/h2>\n\n\n\n<p>Enfrentarse a las complejidades para obtener las prestaciones por discapacidad del Seguro Social, especialmente para la enfermedad de <em>Perthes<\/em>, puede resultar abrumador. Se trata de un proceso lleno&nbsp; de normativas detalladas y requisitos espec\u00edficos que puede resultar dif\u00edcil superar sin orientaci\u00f3n profesional.<\/p>\n\n\n\n<p><strong>La complejidad del proceso:<\/strong><\/p>\n\n\n\n<ul class=\"wp-block-list\">\n<li>El sistema de discapacidad del Seguro Social tiene su propio conjunto de normas y criterios que pueden resultar dif\u00edciles de entender.<\/li>\n\n\n\n<li>Las personas&nbsp; solicitantes suelen perderse en un laberinto de papeleo y jerga jur\u00eddica, lo que puede resultar frustrante y llevar mucho tiempo.<\/li>\n<\/ul>\n\n\n\n<p><strong>El rol de un abogado experto:<\/strong><\/p>\n\n\n\n<ul class=\"wp-block-list\">\n<li>Un abogado experto en Seguro Social puede proporcionarte ayuda de gran valor<\/li>\n\n\n\n<li>Conocen los matices del sistema y pueden guiarte en cada paso, asegur\u00e1ndote de que toda la documentaci\u00f3n y pruebas necesarias se presenten con precisi\u00f3n.<\/li>\n<\/ul>\n\n\n\n<p><strong>Aumentar las probabilidades de \u00e9xito:<\/strong><\/p>\n\n\n\n<ul class=\"wp-block-list\">\n<li>Contar con representaci\u00f3n legal aumenta significativamente la probabilidad de que la demanda prospere.<\/li>\n\n\n\n<li>Un abogado con experiencia sabe c\u00f3mo presentar un caso con eficacia, destacando los aspectos clave que demuestran el impacto de la discapacidad en su vida.<\/li>\n<\/ul>\n\n\n\n<p><strong>Estrategia jur\u00eddica personalizada:<\/strong><\/p>\n\n\n\n<ul class=\"wp-block-list\">\n<li>Cada caso de enfermedad de <em>Perthes<\/em> es \u00fanico, y un abogado experto puede desarrollar una estrategia personalizada adaptada a su situaci\u00f3n espec\u00edfica.<\/li>\n\n\n\n<li>Pueden ayudar a explicar c\u00f3mo afecta la enfermedad a su capacidad para trabajar y realizar actividades cotidianas, lo que es crucial para demostrar la necesidad de prestaciones.<\/li>\n<\/ul>\n\n\n\n<p><strong>Orientaci\u00f3n y apoyo:<\/strong><\/p>\n\n\n\n<ul class=\"wp-block-list\">\n<li>Un abogado no s\u00f3lo aporta conocimientos jur\u00eddicos, sino tambi\u00e9n apoyo emocional en un proceso que puede ser estresante.<\/li>\n\n\n\n<li>Pueden responder a preguntas, aclarar dudas y tranquilizar, haciendo que el viaje sea menos desalentador.<\/li>\n<\/ul>\n\n\n\n<p><strong>Ponerse en contacto con un abogado especialista en la gesti\u00f3n de la Seguridad Social por discapacidad:<\/strong><\/p>\n\n\n\n<ul class=\"wp-block-list\">\n<li>Para quienes padecen la enfermedad de <em>Perthes<\/em> y se plantean hacer un reclamo por&nbsp; discapacidad, es aconsejable consultar con un profesional.<\/li>\n\n\n\n<li>LaBovick ofrece experiencia con<a href=\"https:\/\/www.staging.labovick.com\/es\/abogado-seguro-social-discapacidad\/\"> <strong>Abogados Expertos en Seguro Social<\/strong><\/a> que est\u00e1n listos para ayudarte con su caso. Pueden proporcionar la experiencia y el apoyo necesarios para navegar y comprender&nbsp; las complejidades del sistema de prestaciones por discapacidad.<\/li>\n<\/ul>\n\n\n\n<h3 class=\"wp-block-heading\">Conclusiones: Abordar la cuesti\u00f3n central de la enfermedad de Perthes como discapacidad en adultos<\/h3>\n\n\n\n<p>Para concluir este detallado an\u00e1lisis, la pregunta central sigue siendo: \u00bfEs la enfermedad de <em>Perthes<\/em> una discapacidad en adultos? A trav\u00e9s de diversos puntos de vista -m\u00e9dico, psicol\u00f3gico, profesional y jur\u00eddico-, este art\u00edculo ha pretendido ofrecer una comprensi\u00f3n integral&nbsp; de la enfermedad de <em>Perthes <\/em>y su profundo impacto en los adultos.<\/p>\n\n\n\n<p><strong>Carga f\u00edsica y emocional:<\/strong><\/p>\n\n\n\n<ul class=\"wp-block-list\">\n<li>Los adultos que padecieron la enfermedad de <em>Perthes <\/em>de ni\u00f1os suelen enfrentarse no s\u00f3lo a problemas f\u00edsicos, como dolor cr\u00f3nico y rigidez articular, sino tambi\u00e9n a obst\u00e1culos emocionales. El conjunto de estos factores contribuye a la pregunta recurrente: \u00bfPuede la enfermedad de <em>Perthes<\/em> ser una discapacidad en adultos?<\/li>\n<\/ul>\n\n\n\n<p><strong>Impacto en la vida cotidiana:<\/strong><\/p>\n\n\n\n<ul class=\"wp-block-list\">\n<li>El impacto de la enfermedad en el funcionamiento diario y el empleo es significativo. Para muchos, esto lleva a la clara conclusi\u00f3n de que la enfermedad de Perthes es una discapacidad en adultos, especialmente cuando la afecci\u00f3n dificulta su capacidad para trabajar y participar en actividades sociales.<\/li>\n<\/ul>\n\n\n\n<p><strong>Consideraciones sobre la discapacidad del Seguro Social:<\/strong><\/p>\n\n\n\n<ul class=\"wp-block-list\">\n<li>En t\u00e9rminos de reconocimiento legal, determinar si la enfermedad de<em> Perthes<\/em> es una discapacidad en adultos implica navegar por complejos criterios de elegibilidad para las prestaciones por discapacidad del Seguro Social. La clave reside en demostrar c\u00f3mo la enfermedad de <em>Perthes<\/em> restringe la capacidad laboral, un aspecto crucial para afirmar que la enfermedad de <em>Perthes<\/em> es una discapacidad en adultos.<\/li>\n<\/ul>\n\n\n\n<p><strong>La necesidad de dispositivos de asistencia:<\/strong><\/p>\n\n\n\n<ul class=\"wp-block-list\">\n<li>El uso de dispositivos de asistencia refuerza a\u00fan m\u00e1s el argumento de que la enfermedad de <em>Perthes <\/em>es una discapacidad en adultos. Estos dispositivos, aunque ayudan a la movilidad, tambi\u00e9n ponen de manifiesto las limitaciones a las que se enfrentan en el lugar de trabajo y en la realizaci\u00f3n de las actividades cotidianas.<\/li>\n<\/ul>\n\n\n\n<p><strong>Asistencia jur\u00eddica para solicitudes de discapacidad:<\/strong><\/p>\n\n\n\n<ul class=\"wp-block-list\">\n<li>Dadas las complejidades que entra\u00f1a afirmar que la enfermedad de <em>Perthes<\/em> es una discapacidad en adultos en t\u00e9rminos jur\u00eddicos, el papel de los abogados experimentados se hace indispensable. Firmas como LaBovick Abogados&nbsp; se especializan en estos desaf\u00edos, ofreciendo experiencia y apoyo a quienes afirman que la enfermedad de <em>Perthes<\/em> es una discapacidad en adultos.<\/li>\n<\/ul>\n\n\n\n<p><strong>Apoyo comunitario y ajustes del estilo de vida:<\/strong><\/p>\n\n\n\n<ul class=\"wp-block-list\">\n<li>M\u00e1s all\u00e1 del \u00e1mbito f\u00edsico y jur\u00eddico, determinar si la enfermedad de <em>Perthes<\/em> es una discapacidad en adultos tambi\u00e9n implica contar con el apoyo de la comunidad y realizar los ajustes necesarios en el estilo de vida. Estos pasos son vitales para controlar la afecci\u00f3n y refuerzan la comprensi\u00f3n de que la enfermedad de <em>Perthes<\/em> es una discapacidad en adultos.<\/li>\n<\/ul>\n\n\n\n<p>En conclusi\u00f3n, aunque la enfermedad de <em>Perthes<\/em> presenta retos \u00fanicos en cada individuo, la narrativa general confirma que la enfermedad de<em> Perthes <\/em>es una discapacidad en adultos que afecta a m\u00faltiples facetas de la vida. Ya sea mediante el tratamiento de los s\u00edntomas, la b\u00fasqueda de recursos legales o la b\u00fasqueda de apoyo comunitario, las personas afectadas por la enfermedad de <em>Perthes<\/em> disponen de v\u00edas para hacer frente a estos retos, fomentando el reconocimiento de que la enfermedad de <em>Perthes<\/em> es una discapacidad en adultos.<\/p>\n\n\n\n<h2 class=\"wp-block-heading\">Preguntas frecuentes sobre la enfermedad de <em>Perthes<\/em> en adultos<\/h2>\n\n\n<div id=\"rank-math-faq\" class=\"rank-math-block\">\n<div class=\"rank-math-list \">\n<div id=\"faq-question-1702476895093\" class=\"rank-math-list-item\">\n<h3 class=\"rank-math-question \"><strong>\u00bfSe considera la enfermedad de <em>Perthes<\/em> una discapacidad para los adultos?<\/strong><\/h3>\n<div class=\"rank-math-answer \">\n\n<p>S\u00ed, la enfermedad de<em> Perthes<\/em> puede considerarse una discapacidad en adultos. Las personas que padecieron la enfermedad de <em>Perthes <\/em>en la infancia a menudo siguen padeciendo s\u00edntomas como dolor cr\u00f3nico y rigidez articular, que pueden afectar significativamente a su funcionamiento diario y a su capacidad laboral.<\/p>\n\n<\/div>\n<\/div>\n<div id=\"faq-question-1702476916188\" class=\"rank-math-list-item\">\n<h3 class=\"rank-math-question \"><strong><strong>\u00bfC\u00f3mo afecta la enfermedad de <em>Perthes<\/em> a los adultos de forma diferente que a los ni\u00f1os?<\/strong><\/strong><\/h3>\n<div class=\"rank-math-answer \">\n\n<p>Aunque la enfermedad de <em>Perthes<\/em> afecta principalmente a los ni\u00f1os, sus efectos a largo plazo pueden prolongarse hasta la edad adulta. Los adultos con antecedentes de enfermedad de <em>Perthes <\/em>pueden experimentar problemas articulares continuos, mayor riesgo de osteoartritis y limitaciones de la movilidad, lo que lleva a preguntarse si la enfermedad de <em>Perthes<\/em> es una discapacidad en adultos.<\/p>\n\n<\/div>\n<\/div>\n<div id=\"faq-question-1702476928499\" class=\"rank-math-list-item\">\n<h3 class=\"rank-math-question \"><strong><strong>\u00bfCu\u00e1les son los factores clave para determinar si la enfermedad de <em>Perthes<\/em> es una discapacidad en adultos?<\/strong><\/strong><\/h3>\n<div class=\"rank-math-answer \">\n\n<p>Entre los factores clave figuran la gravedad de s\u00edntomas como el dolor cr\u00f3nico y la rigidez articular, el impacto en las actividades cotidianas y el empleo, y la necesidad de dispositivos de asistencia. Estos aspectos desempe\u00f1an un papel crucial a la hora de establecer si la enfermedad de <em>Perthes<\/em> es una discapacidad en adultos, especialmente en el contexto de las prestaciones por discapacidad del Seguro Social.<\/p>\n\n<\/div>\n<\/div>\n<div id=\"faq-question-1702476939395\" class=\"rank-math-list-item\">\n<h3 class=\"rank-math-question \"><strong><strong>\u00bfPueden recibir prestaciones de Seguro Social por discapacidad los adultos que padecen la enfermedad de <em>Perthes?<\/em><\/strong><\/strong><\/h3>\n<div class=\"rank-math-answer \">\n\n<p>Los adultos con enfermedad de <em>Perthes<\/em> pueden optar a las prestaciones por discapacidad del Seguro Social si pueden demostrar que la enfermedad limita sustancialmente su capacidad para trabajar. El proceso implica demostrar la duraci\u00f3n de la enfermedad y su repercusi\u00f3n en la capacidad laboral, abordando la cuesti\u00f3n fundamental de si la enfermedad de <em>Perthes<\/em> es una discapacidad en adultos.<\/p>\n\n<\/div>\n<\/div>\n<\/div>\n<\/div>","protected":false},"excerpt":{"rendered":"<p>Introducci\u00f3n: La enfermedad de Perthes como discapacidad en la vida adulta La enfermedad de Perthes, una afecci\u00f3n conocida principalmente por su impacto en los ni\u00f1os, a menudo arrastra sus efectos hasta la edad adulta, lo que lleva a una pregunta importante y compleja: \u00bf La enfermedad de Perthes puede ser considerada una discapacidad en adultos? [&hellip;]<\/p>\n","protected":false},"author":36,"featured_media":36871,"comment_status":"open","ping_status":"open","sticky":false,"template":"","format":"standard","meta":{"_acf_changed":false,"footnotes":""},"categories":[2234],"tags":[],"class_list":["post-36864","post","type-post","status-publish","format-standard","has-post-thumbnail","hentry","category-seguro-social-por-discapacidad"],"acf":[],"_links":{"self":[{"href":"https:\/\/www.staging.labovick.com\/es\/wp-json\/wp\/v2\/posts\/36864"}],"collection":[{"href":"https:\/\/www.staging.labovick.com\/es\/wp-json\/wp\/v2\/posts"}],"about":[{"href":"https:\/\/www.staging.labovick.com\/es\/wp-json\/wp\/v2\/types\/post"}],"author":[{"embeddable":true,"href":"https:\/\/www.staging.labovick.com\/es\/wp-json\/wp\/v2\/users\/36"}],"replies":[{"embeddable":true,"href":"https:\/\/www.staging.labovick.com\/es\/wp-json\/wp\/v2\/comments?post=36864"}],"version-history":[{"count":6,"href":"https:\/\/www.staging.labovick.com\/es\/wp-json\/wp\/v2\/posts\/36864\/revisions"}],"predecessor-version":[{"id":37112,"href":"https:\/\/www.staging.labovick.com\/es\/wp-json\/wp\/v2\/posts\/36864\/revisions\/37112"}],"wp:featuredmedia":[{"embeddable":true,"href":"https:\/\/www.staging.labovick.com\/es\/wp-json\/wp\/v2\/media\/36871"}],"wp:attachment":[{"href":"https:\/\/www.staging.labovick.com\/es\/wp-json\/wp\/v2\/media?parent=36864"}],"wp:term":[{"taxonomy":"category","embeddable":true,"href":"https:\/\/www.staging.labovick.com\/es\/wp-json\/wp\/v2\/categories?post=36864"},{"taxonomy":"post_tag","embeddable":true,"href":"https:\/\/www.staging.labovick.com\/es\/wp-json\/wp\/v2\/tags?post=36864"}],"curies":[{"name":"wp","href":"https:\/\/api.w.org\/{rel}","templated":true}]}}