{"id":36876,"date":"2021-01-11T22:39:06","date_gmt":"2021-01-12T02:39:06","guid":{"rendered":"https:\/\/www.staging.labovick.com\/blog\/que-es-la-neuritis-optica-y-es-lo-que-desactiva\/"},"modified":"2024-02-28T11:33:17","modified_gmt":"2024-02-28T15:33:17","slug":"neuritis-optica-discapacidad","status":"publish","type":"post","link":"https:\/\/www.staging.labovick.com\/es\/blog\/neuritis-optica-discapacidad\/","title":{"rendered":"Neuritis \u00f3ptica y Discapacidad: Reclamos al Seguro Social en Florida"},"content":{"rendered":"\n<h2 class=\"wp-block-heading\">Introducci\u00f3n: Explorando la neuritis \u00f3ptica como discapacidad<\/h2>\n\n\n\n<p>La neuritis \u00f3ptica, una afecci\u00f3n inflamatoria del nervio \u00f3ptico, presenta una compleja serie de retos para quienes la padecen. Este art\u00edculo profundiza en la pregunta cr\u00edtica de: \u00ab\u00bfSe puede considerar a la neuritis \u00f3ptica como una discapacidad?\u00bb. Al examinar la naturaleza, los s\u00edntomas y las repercusiones de esta afecci\u00f3n, pretendemos ofrecerte una comprensi\u00f3n global de la neuritis \u00f3ptica y sus implicaciones en el contexto de las solicitudes de discapacidad para obtener las prestaciones de la seguridad social.<\/p>\n\n\n\n<p>La neuritis \u00f3ptica suele desencadenar una serie de s\u00edntomas que afectan significativamente a tu visi\u00f3n y a tu calidad de vida. Para considerar a la neuritis \u00f3ptica como una discapacidad, es importante detectar que luchas con s\u00edntomas como:<\/p>\n\n\n\n<ul class=\"wp-block-list\">\n<li>Dolor ocular, a menudo exacerbado por el movimiento.<\/li>\n\n\n\n<li>P\u00e9rdida notable de visi\u00f3n, potencialmente en uno o ambos ojos.<\/li>\n\n\n\n<li>Dificultad para realizar tus actividades cotidianas debido a la discapacidad visual.<\/li>\n<\/ul>\n\n\n\n<p>Definir si la neuritis \u00f3ptica es una discapacidad no es s\u00f3lo m\u00e9dica, sino que se extiende a los \u00e1mbitos jur\u00eddico y social, sobre todo cuando solicitas el acceso a beneficios por discapacidad. El proceso de determinar si la neuritis \u00f3ptica es una discapacidad en virtud de la Seguridad Social implica comprender los complejos criterios establecidos por las autoridades y realizar eficazmente el proceso de solicitud.<\/p>\n\n\n\n<p>En este art\u00edculo exploramos todas las consideraciones sobre la neuritis \u00f3ptica y c\u00f3mo puede afectar la vista. Explicaremos los s\u00edntomas, c\u00f3mo se trata y c\u00f3mo pedir ayuda si tienes esta condici\u00f3n. Responderemos preguntas como:\u00bb\u00bfEs permanente la neuritis \u00f3ptica?\u00bb, \u00ab\u00bfSe puede conducir con neuritis \u00f3ptica?\u00bb y \u00ab\u00bfEs el da\u00f1o del nervio \u00f3ptico una discapacidad?\u00bb. Queremos ayudarte a entender mejor que si la neuritis \u00f3ptica afecta tu vida significativamente, es posible que puedas solicitar prestaciones por discapacidad al seguro social.<\/p>\n\n\n\n<h2 class=\"wp-block-heading\">Naturaleza e impacto de la neuritis \u00f3ptica<\/h2>\n\n\n\n<p>La neuritis \u00f3ptica es una enfermedad caracterizada por la inflamaci\u00f3n del nervio \u00f3ptico. Este componente clave&nbsp; de la v\u00eda visual, que se extiende desde la retina hasta el cerebro, es esencial para una visi\u00f3n clara. Entender si la neuritis \u00f3ptica que tienes es considerada una discapacidad depender\u00e1 de comprender el impacto de esta inflamaci\u00f3n, que generalmente incluye:<\/p>\n\n\n\n<ul class=\"wp-block-list\">\n<li>Dolor ocular, especialmente con el movimiento.<\/li>\n\n\n\n<li>P\u00e9rdida notable de visi\u00f3n.<\/li>\n\n\n\n<li>Posible aparici\u00f3n en uno o ambos ojos.<\/li>\n<\/ul>\n\n\n\n<p>La pregunta \u00ab\u00bfEs la neuritis \u00f3ptica una discapacidad?\u00bb adquiere especial importancia, cuando&nbsp; estos s\u00edntomas pueden alterar la vida cotidiana de una persona. Adem\u00e1s, cuando se trata de lesiones del nervio \u00f3ptico, surge la pregunta \u00ab\u00bfEs permanente la neuritis \u00f3ptica?\u00bb, aqu\u00ed te explicamos m\u00e1s.<\/p>\n\n\n\n<h3 class=\"wp-block-heading\">Comparaci\u00f3n de la neuritis \u00f3ptica con otras enfermedades oculares<\/h3>\n\n\n\n<figure class=\"wp-block-table\"><table><thead><tr><th><strong>Condici\u00f3n<\/strong><\/th><th><strong>S\u00edntomas<\/strong><\/th><th><strong>Causas<\/strong><\/th><th><strong>Tratamiento<\/strong><\/th><th><strong>Impacto en la visi\u00f3n<\/strong><\/th><th><strong>Consideraci\u00f3n de las solicitudes de discapacidad<\/strong><\/th><\/tr><\/thead><tbody><tr><td><strong>Neuritis \u00f3ptica<\/strong><\/td><td>Dolor ocular, p\u00e9rdida de visi\u00f3n, deficiencia de la visi\u00f3n de los colores<\/td><td>Reacci\u00f3n autoinmune, a menudo asociada a la esclerosis m\u00faltiple<\/td><td>Los esteroides, posible tratamiento de la esclerosis m\u00faltiple<\/td><td>Puede ser temporal o provocar una p\u00e9rdida de visi\u00f3n permanente<\/td><td>A menudo se califica, dependiendo de la gravedad y el impacto en la vida diaria<\/td><\/tr><tr><td><strong>Glaucoma<\/strong><\/td><td>P\u00e9rdida gradual de la visi\u00f3n perif\u00e9rica, dolor ocular<\/td><td>Aumento de la presi\u00f3n ocular<\/td><td>Colirios, medicaci\u00f3n, cirug\u00eda<\/td><td>Puede provocar una p\u00e9rdida de visi\u00f3n permanente<\/td><td>Si la discapacidad visual cumple los criterios de la SSA<\/td><\/tr><tr><td><strong>Cataratas<\/strong><\/td><td>Visi\u00f3n borrosa, colores desva\u00eddos, deslumbramiento<\/td><td>Envejecimiento, diabetes, tabaquismo, exposici\u00f3n prolongada al sol<\/td><td>Cirug\u00eda para sustituir el cristalino opaco<\/td><td>Reversible con cirug\u00eda<\/td><td>Por lo general, no re\u00fane los requisitos a menos que vaya acompa\u00f1ada de otras complicaciones<\/td><\/tr><tr><td><strong>Degeneraci\u00f3n macular<\/strong><\/td><td>Visi\u00f3n central borrosa o reducida<\/td><td>Envejecimiento, gen\u00e9tica, factores de estilo de vida<\/td><td>Medicaci\u00f3n, terapia l\u00e1ser, cambios en el estilo de vida<\/td><td>Puede provocar una p\u00e9rdida permanente de la visi\u00f3n central<\/td><td>Puede cumplir los requisitos, especialmente en fases avanzadas<\/td><\/tr><tr><td><strong><a href=\"https:\/\/www.staging.labovick.com\/es\/blog\/es-la-retinopatia-diabetica-una-discapacidad\/\">Retinopat\u00eda diab\u00e9tica<\/a><\/strong><\/td><td>Visi\u00f3n borrosa, manchas flotantes, p\u00e9rdida de visi\u00f3n<\/td><td>Diabetes<\/td><td>Control de la glucemia, tratamiento con l\u00e1ser, cirug\u00eda<\/td><td>Puede provocar una p\u00e9rdida de visi\u00f3n permanente<\/td><td>A menudo se califica si afecta significativamente a la visi\u00f3n<\/td><\/tr><\/tbody><\/table><\/figure>\n\n\n\n<h3 class=\"wp-block-heading\">S\u00edntomas y signos de la neuritis \u00f3ptica<\/h3>\n\n\n\n<p>Identificar la neuritis \u00f3ptica implica reconocer los siguientes s\u00edntomas clave:<\/p>\n\n\n\n<ul class=\"wp-block-list\">\n<li>Dolor en el ojo durante el movimiento.<\/li>\n\n\n\n<li>P\u00e9rdida parcial o total de visi\u00f3n.<\/li>\n\n\n\n<li>Fuertes dolores de cabeza.<\/li>\n\n\n\n<li>Dificultad para distinguir los colores.<\/li>\n<\/ul>\n\n\n\n<p>Estos s\u00edntomas nos obligan a plantearnos \u00ab\u00bfEs la neuritis \u00f3ptica una discapacidad?\u00bb, especialmente cuando dificultan significativamente el funcionamiento diario. Para quienes se preguntan \u00ab\u00bfSe puede conducir con neuritis \u00f3ptica?\u00bb abajo te contamos m\u00e1s.<\/p>\n\n\n\n<h3 class=\"wp-block-heading\">Enfoques y consideraciones sobre el tratamiento<\/h3>\n\n\n\n<p>El tratamiento de la neuritis \u00f3ptica suele incluir esteroides, por v\u00eda oral o intravenosa, para controlar la inflamaci\u00f3n. Sin embargo, estos tratamientos pueden provocar efectos secundarios como:<\/p>\n\n\n\n<ul class=\"wp-block-list\">\n<li>Fatiga.<\/li>\n\n\n\n<li>N\u00e1useas.<\/li>\n\n\n\n<li>V\u00f3mitos.<\/li>\n<\/ul>\n\n\n\n<p>Al abordar la pregunta \u00ab\u00bfEs la neuritis \u00f3ptica una discapacidad?\u00bb, es vital tener en cuenta estos retos de tratamiento. Adem\u00e1s, la posible relaci\u00f3n de la neuritis \u00f3ptica con la esclerosis m\u00faltiple subraya la complejidad de la enfermedad. Esta conexi\u00f3n saca a la luz otras discapacidades relacionadas, como \u00ab\u00bfEs el NAION una discapacidad?\u00bb y \u00ab\u00bfSe considera la hipoplasia del nervio \u00f3ptico una discapacidad?\u00bb.<\/p>\n\n\n\n<h3 class=\"wp-block-heading\">Resultados a largo plazo y estrategias de tratamiento de la neuritis \u00f3ptica<\/h3>\n\n\n\n<figure class=\"wp-block-table\"><table><thead><tr><th><strong>Resultados\/Progresi\u00f3n<\/strong><\/th><th><strong>S\u00edntomas posibles<\/strong><\/th><th><strong>Estrategias de gesti\u00f3n<\/strong><\/th><th><strong>Implicaciones para las solicitudes de indemnizaci\u00f3n por discapacidad<\/strong><\/th><\/tr><\/thead><tbody><tr><td><strong>Recuperaci\u00f3n completa<\/strong><\/td><td>Recuperaci\u00f3n total o parcial de la visi\u00f3n<\/td><td>Control regular, mantenimiento de la salud general<\/td><td>Puede no reunir los requisitos para una discapacidad de larga duraci\u00f3n si se recupera totalmente.<\/td><\/tr><tr><td><strong>Episodios recurrentes<\/strong><\/td><td>Episodios repetidos de p\u00e9rdida de visi\u00f3n, dolor ocular<\/td><td>Medicaci\u00f3n a largo plazo, ajustes del estilo de vida<\/td><td>Tiene derecho a una invalidez si las recidivas afectan de forma significativa a su funcionamiento diario.<\/td><\/tr><tr><td><strong>Progresi\u00f3n a enfermedad cr\u00f3nica<\/strong><\/td><td>P\u00e9rdida de visi\u00f3n persistente, posible desarrollo de otros s\u00edntomas<\/td><td>Tratamiento continuo, que puede incluir terapias para enfermedades asociadas como la esclerosis m\u00faltiple.<\/td><td>Es probable que pueda acogerse a la invalidez, sobre todo si ocasiona trastornos importantes en su vida.<\/td><\/tr><tr><td><strong>Deficiencia visual permanente<\/strong><\/td><td>Disminuci\u00f3n constante de la visi\u00f3n o ceguera<\/td><td>Rehabilitaci\u00f3n, uso de dispositivos de ayuda, adaptaciones del estilo de vida<\/td><td>Base s\u00f3lida para las solicitudes de discapacidad debido al impacto permanente en la vida diaria<\/td><\/tr><tr><td><strong>Complicaciones asociadas<\/strong><\/td><td>Desarrollo de afecciones oculares o neurol\u00f3gicas adicionales<\/td><td>Enfoque de tratamiento integrado, atenci\u00f3n multidisciplinar<\/td><td>A\u00f1ade peso a las solicitudes de discapacidad, especialmente si las complicaciones agravan la discapacidad.<\/td><\/tr><\/tbody><\/table><\/figure>\n\n\n\n<h2 class=\"wp-block-heading\">Solicitud de discapacidad por neuritis \u00f3ptica<\/h2>\n\n\n\n<p>Explorar cu\u00e1les son las opciones de prestaciones por discapacidad es esencial para las personas que padecen neuritis \u00f3ptica grave. Esta afecci\u00f3n suele generar la pregunta: \u00ab\u00bfEs la neuritis \u00f3ptica una discapacidad?\u00bb. Sus s\u00edntomas, como dolor ocular regular, p\u00e9rdida significativa de visi\u00f3n y dolores de cabeza persistentes, pueden dificultar dr\u00e1sticamente la vida cotidiana y las actividades laborales. Cuando la medicaci\u00f3n no consigue controlar estos s\u00edntomas, el impacto en la calidad de vida se intensifica, lo que hace que contestar&nbsp; la pregunta \u00ab\u00bfEs la neuritis \u00f3ptica una discapacidad?\u00bb sea algo sumamente importante. Las cuestiones a tener en cuenta son :<\/p>\n\n\n\n<ul class=\"wp-block-list\">\n<li>Dolor ocular regular y p\u00e9rdida de visi\u00f3n.<\/li>\n\n\n\n<li>Dolores de cabeza persistentes que afectan a la vida cotidiana.<\/li>\n\n\n\n<li>La eficacia de la medicaci\u00f3n en el tratamiento de los s\u00edntomas.<\/li>\n<\/ul>\n\n\n\n<p>En este contexto, se abordan implicancias a largo plazo, como la permanencia de la neuritis \u00f3ptica, as\u00ed como preocupaciones relacionadas, por ejemplo, si el da\u00f1o en el nervio \u00f3ptico constituye una discapacidad.<\/p>\n\n\n\n<h3 class=\"wp-block-heading\">Requisitos para percibir prestaciones por discapacidad del Seguro Social<\/h3>\n\n\n\n<p>Al solicitar prestaciones a&nbsp; la Seguridad Social por discapacidad, la pregunta fundamental es si \u00ab\u00bfLa neuritis \u00f3ptica es una discapacidad?\u00bb. Las personas solicitantes deben demostrar que la neuritis \u00f3ptica re\u00fane las condiciones espec\u00edficas de discapacidad o les limita significativamente la capacidad de realizar su trabajo. Esta deficiencia es especialmente evidente en los trabajos que requieren precisi\u00f3n visual. Las consideraciones clave incluyen:<\/p>\n\n\n\n<ul class=\"wp-block-list\">\n<li>El alcance de la p\u00e9rdida de visi\u00f3n y su impacto en el trabajo.<\/li>\n\n\n\n<li>El papel de la neuritis \u00f3ptica en la limitaci\u00f3n del rendimiento laboral.<\/li>\n\n\n\n<li>Consultas relacionadas como \u00ab\u00bfSe puede conducir con neuritis \u00f3ptica?\u00bb influyen en el estado de discapacidad.<\/li>\n<\/ul>\n\n\n\n<p>Para determinar la elegibilidad en casos como \u00ab\u00bfEl da\u00f1o nervioso se considera una discapacidad?\u00bb, es crucial evaluar la gravedad y el impacto de la neuritis \u00f3ptica.<\/p>\n\n\n\n<figure class=\"wp-block-table\"><table><thead><tr><th><strong>Aspecto<\/strong><\/th><th><strong>Detalles<\/strong><\/th><\/tr><\/thead><tbody><tr><td><strong>Naturaleza de la neuritis \u00f3ptica<\/strong><\/td><td>Afecci\u00f3n inflamatoria del nervio \u00f3ptico que afecta a la visi\u00f3n.<\/td><\/tr><tr><td><strong>S\u00edntomas clave<\/strong><\/td><td>&#8211; Dolor ocular, especialmente con el movimiento. &#8211; P\u00e9rdida de visi\u00f3n (parcial o total). &#8211; Dificultad para distinguir los colores.<\/td><\/tr><tr><td><strong>Impacto en la vida cotidiana<\/strong><\/td><td>Dificultades en las actividades cotidianas debido a la discapacidad visual.<\/td><\/tr><tr><td><strong>Opciones de tratamiento<\/strong><\/td><td>Esteroides (orales\/intravenosos) para controlar la inflamaci\u00f3n; posibles efectos secundarios: fatiga, n\u00e1useas, v\u00f3mitos.<\/td><\/tr><tr><td><strong>Requisitos para la discapacidad<\/strong><\/td><td>Se basa en el grado de discapacidad para el trabajo y las actividades cotidianas; requiere una documentaci\u00f3n detallada de los s\u00edntomas y los tratamientos.<\/td><\/tr><tr><td><strong>Consideraciones para los reclamos<\/strong><\/td><td>&#8211; Gravedad de la p\u00e9rdida de visi\u00f3n. &#8211; Impacto en el rendimiento laboral. &#8211; Consecuencias a largo plazo (por ejemplo, permanencia de los s\u00edntomas).<\/td><\/tr><tr><td><strong>Criterios de evaluaci\u00f3n de la SSA<\/strong><\/td><td>&#8211; Historial laboral y cotizaciones fiscales. &#8211; Gravedad e impacto de la afecci\u00f3n. &#8211; Duraci\u00f3n de la condici\u00f3n (requisito de 12 meses).<\/td><\/tr><tr><td><strong>Navegar por el proceso de reclamos<\/strong><\/td><td>&#8211; Documentar los s\u00edntomas y la eficacia del tratamiento. &#8211; Comprender los criterios de la SSA. &#8211; Preparaci\u00f3n de la solicitud y los recursos.<\/td><\/tr><\/tbody><\/table><\/figure>\n\n\n\n<p>Para las personas residentes de la Florida, es importante comprender los detalles de c\u00f3mo se clasifica su neuritis \u00f3ptica para entender si califica para solicitar las prestaciones por discapacidad. El<a href=\"https:\/\/www.floridahealth.gov\/\" target=\"_blank\" rel=\"noreferrer noopener\"> Departamento de Salud de Florida<\/a> ofrece informaci\u00f3n detallada y recursos adaptados a los ciudadanos de Florida en relaci\u00f3n con las determinaciones de discapacidad.<\/p>\n\n\n\n<h3 class=\"wp-block-heading\">El proceso de presentaci\u00f3n de una solicitud de discapacidad<\/h3>\n\n\n\n<p>La presentaci\u00f3n de una solicitud por discapacidad por neuritis \u00f3ptica implica una revisi\u00f3n detallada por parte de la Administraci\u00f3n de la Seguridad Social. Este proceso implica:<\/p>\n\n\n\n<ul class=\"wp-block-list\">\n<li>Evaluar la elegibilidad t\u00e9cnica, incluyendo:<\/li>\n\n\n\n<li>Historial laboral y cotizaciones fiscales.<\/li>\n\n\n\n<li>Comprobaci\u00f3n de la cobertura del seguro de invalidez.<\/li>\n\n\n\n<li>Evaluar la elegibilidad m\u00e9dica, centr\u00e1ndose en:<\/li>\n\n\n\n<li>Si \u00abla neuritis \u00f3ptica es una discapacidad\u00bb seg\u00fan las definiciones de la seguridad social.<\/li>\n\n\n\n<li>Gravedad e impacto a largo plazo de la neuritis \u00f3ptica.<\/li>\n\n\n\n<li>Afecciones relacionadas, como \u00ab\u00bfEs la NAION una discapacidad?\u00bb o \u00ab\u00bfSe considera la hipoplasia del nervio \u00f3ptico una discapacidad?\u00bb.<\/li>\n<\/ul>\n\n\n\n<p>Esta evaluaci\u00f3n exhaustiva garantiza que las personas con afecciones visuales severas reciban el apoyo necesario.Muchas personas se preguntan sobre la viabilidad de presentar su<a href=\"https:\/\/www.staging.labovick.com\/blog\/why-cant-i-file-my-social-security-disability-application-online\/\"> solicitud de beneficios por&nbsp; discapacidad de la Seguridad Social en l\u00ednea<\/a>, especialmente para afecciones como la neuritis \u00f3ptica. Puedes consultar esa gu\u00eda para obtener m\u00e1s informaci\u00f3n.<\/p>\n\n\n\n<h3 class=\"wp-block-heading\">Pasos para presentar una solicitud de discapacidad de la Seguridad Social por neuritis \u00f3ptica<\/h3>\n\n\n\n<figure class=\"wp-block-table\"><table><thead><tr><th><strong>Paso<\/strong><\/th><th><strong>Descripci\u00f3n<\/strong><\/th><\/tr><\/thead><tbody><tr><td><strong>1. 1. Evaluaci\u00f3n inicial<\/strong><\/td><td>Determinar si tu enfermedad cumple los requisitos b\u00e1sicos para una solicitud de prestaciones por discapacidad en la Seguridad Social.<\/td><\/tr><tr><td><strong>2. Reunir pruebas m\u00e9dicas<\/strong><\/td><td>Recopila todos los historiales m\u00e9dicos, el historial del tratamiento y las declaraciones del m\u00e9dico relacionadas con tu neuritis \u00f3ptica.<\/td><\/tr><tr><td><strong>3. Documentar el impacto en la vida cotidiana<\/strong><\/td><td>Detalla c\u00f3mo afecta la neuritis \u00f3ptica en tus actividades cotidianas y en tu capacidad laboral.<\/td><\/tr><tr><td><strong>4. 4. Solicitud completa<\/strong><\/td><td>Completa el formulario de solicitud de beneficios por discapacidad de la Seguridad Social con toda la informaci\u00f3n personal y m\u00e9dica necesaria.<\/td><\/tr><tr><td><strong>5. Presentar la solicitud<\/strong><\/td><td>Presenta tu solicitud por internet, por correo o en persona en una oficina de la Seguridad Social.<\/td><\/tr><tr><td><strong>6. Esperar la decisi\u00f3n inicial<\/strong><\/td><td>La Seguridad Social revisar\u00e1 tu solicitud, lo que puede llevar varios meses.<\/td><\/tr><tr><td><strong>7. Responder a solicitudes adicionales<\/strong><\/td><td>Est\u00e1 preparado para proporcionar informaci\u00f3n adicional o asistir a un examen si se te solicita.<\/td><\/tr><tr><td><strong>8. Recurso en caso necesario<\/strong><\/td><td>Si te deniegan la solicitud, conoce el proceso de apelaci\u00f3n y considera la posibilidad de presentar un recurso.<\/td><\/tr><tr><td><strong>9. Solicitar asistencia jur\u00eddica (opcional)<\/strong><\/td><td>Considera la posibilidad de consultar con un abogado experto en beneficios del seguro social por discapacidad, como los de LaBovick Abogados, para la orientaci\u00f3n y representaci\u00f3n.<\/td><\/tr><\/tbody><\/table><\/figure>\n\n\n\n<h2 class=\"wp-block-heading\">Gu\u00eda para la aprobaci\u00f3n de prestaciones por discapacidad<\/h2>\n\n\n\n<p>Navegar por las complejidades de las solicitudes por el&nbsp; beneficio del seguro social por discapacidad, especialmente cuando se trata de una neuritis \u00f3ptica, requiere un profundo conocimiento de los estrictos criterios de la Seguridad Social. El camino hacia la aprobaci\u00f3n de las prestaciones implica pasar por diversos requisitos, siendo esencial confirmar que la neuritis que tienes constituye una discapacidad en tanto no te permite realizar bien tus actividades laborales., Los aspectos clave incluyen:<\/p>\n\n\n\n<ul class=\"wp-block-list\">\n<li><strong>Comprender el requisito de duraci\u00f3n de 12 meses:<\/strong><\/li>\n<\/ul>\n\n\n\n<p>Este requisito plantea la pregunta: \u00ab\u00bfEs la neuritis \u00f3ptica una discapacidad a largo plazo?<\/p>\n\n\n\n<p>Los solicitantes deben demostrar que se espera que su neuritis \u00f3ptica, o afecciones relacionadas como la NAION duren al menos 12 meses.<\/p>\n\n\n\n<p>La pregunta \u00ab\u00bfEs permanente la neuritis \u00f3ptica?\u00bb adquiere relevancia en este caso, ya que la persistencia de los s\u00edntomas puede reforzar el reclamo del seguro social por discapacidad.<\/p>\n\n\n\n<ul class=\"wp-block-list\">\n<li><strong>Consideraciones sobre el l\u00edmite de actividad lucrativa sustancial:<\/strong><\/li>\n<\/ul>\n\n\n\n<p>Se trata de evaluar si la neuritis \u00f3ptica es una discapacidad lo suficientemente grave como para limitar la capacidad de ganancia.<\/p>\n\n\n\n<p>Para quienes padecen neuritis \u00f3ptica, es fundamental saber si el da\u00f1o nervioso es una discapacidad seg\u00fan las directrices de la Seguridad Social.<\/p>\n\n\n\n<p>La capacidad para trabajar, incluidas cuestiones como&nbsp; conducir con neuritis \u00f3ptica, se eval\u00faa en funci\u00f3n de los l\u00edmites de ingresos fijados por la Seguridad Social.<\/p>\n\n\n\n<ul class=\"wp-block-list\">\n<li><strong>Evaluaci\u00f3n del da\u00f1o del nervio \u00f3ptico:<\/strong><\/li>\n<\/ul>\n\n\n\n<p>Abordar la pregunta \u00ab\u00bfEs la neuritis \u00f3ptica una discapacidad?\u00bb Tambi\u00e9n implica examinar el alcance del da\u00f1o del nervio \u00f3ptico.<\/p>\n\n\n\n<p>La pregunta \u00ab\u00bfSe considera la hipoplasia del nervio \u00f3ptico una discapacidad?\u00bb tambi\u00e9n es pertinente para las personas con distintos grados de problemas del nervio \u00f3ptico.<\/p>\n\n\n\n<ul class=\"wp-block-list\">\n<li><strong>Documentar los s\u00edntomas y la eficacia del tratamiento:<\/strong><\/li>\n<\/ul>\n\n\n\n<p>Los solicitantes deben documentar exhaustivamente sus experiencias, y comprobar que la neuritis \u00f3ptica es una discapacidad,mediante historiales m\u00e9dicos.<\/p>\n\n\n\n<p>La eficacia de los tratamientos, o la falta de ella, desempe\u00f1a un papel a la hora de establecer \u00absi la neuritis \u00f3ptica que tienes es una discapacidad\u00bb.<\/p>\n\n\n\n<ul class=\"wp-block-list\">\n<li><strong>Navegar por el proceso de solicitud y apelaci\u00f3n:<\/strong><\/li>\n<\/ul>\n\n\n\n<p>Entender el proceso sobre si la neuritis \u00f3ptica que tienes, aplica para solicitar los beneficios del seguro social por discapacidad, es clave.&nbsp;<\/p>\n\n\n\n<p>Esto incluye prepararse para posibles recursos, en los que se vuelva a plantear y evaluar la cuesti\u00f3n de si la neuritis \u00f3ptica que tienes es considerada una discapacidad.<\/p>\n\n\n\n<p>Cumplir estos criterios no consiste solo en afirmar que la neuritis \u00f3ptica es una discapacidad, sino tambi\u00e9n en comprender c\u00f3mo esta afecci\u00f3n, junto con cualquier da\u00f1o asociado del nervio \u00f3ptico, repercute en la vida de una persona y en su capacidad para trabajar. Es un proceso exhaustivo que exige documentaci\u00f3n detallada, conocimiento de las normas jur\u00eddicas y m\u00e9dicas y, a menudo, persistencia. Para muchos, el camino para responder a la pregunta \u00ab\u00bfLa neuritis \u00f3ptica es considerada una discapacidad para la Seguridad Social?\u00bb Es dif\u00edcil pero esencial para obtener la ayuda y las prestaciones necesarias.Para una comprensi\u00f3n m\u00e1s profunda de los fundamentos de las prestaciones por discapacidad de la Seguridad Social, especialmente en el contexto de condiciones como la neuritis \u00f3ptica, considere la posibilidad de investigar esta<a href=\"https:\/\/www.staging.labovick.com\/blog\/basics-of-social-security-disability-benefits\/\"> Gu\u00eda completa sobre los Fundamentos de las Prestaciones por Discapacidad del Seguro Social<\/a> creada por LaBovick Abogados, que proporciona informaci\u00f3n valiosa sobre el proceso.<\/p>\n\n\n\n<h2 class=\"wp-block-heading\">Conclusiones: Comprender y abordar la neuritis \u00f3ptica como discapacidad<\/h2>\n\n\n\n<p>En resumen, entender y abordar la pregunta \u00ab\u00bfEs la neuritis \u00f3ptica una discapacidad?\u00bb implica considerar diversos aspectos. Esta enfermedad, caracterizada por la inflamaci\u00f3n del nervio \u00f3ptico, presenta desaf\u00edos significativos para las personas afectadas, ya que impacta en su visi\u00f3n, su vida diaria y su calidad de vida. Preguntas esenciales como \u00ab\u00bfEs permanente la neuritis \u00f3ptica?\u00bb, \u00ab\u00bfSe puede conducir con neuritis \u00f3ptica?\u00bb y \u00ab\u00bfEs el da\u00f1o del nervio \u00f3ptico una discapacidad?\u00bb son cruciales para orientar la gesti\u00f3n de esta condici\u00f3n y analizar si aplica para solicitar los beneficios del seguro social por discapacidad.<\/p>\n\n\n\n<p>El acceso a prestaciones por discapacidad de la Seguridad Social depende de demostrar c\u00f3mo la neuritis \u00f3ptica afecta la capacidad de una persona para trabajar y llevar a cabo actividades cotidianas. Para quienes enfrentan esta enfermedad, el proceso de solicitud de discapacidad requiere entender profundamente los aspectos m\u00e9dicos y t\u00e9cnicos de su situaci\u00f3n. Esto incluye evaluar si \u00ab\u00bfEs la NAION una discapacidad?\u00bb o \u00ab\u00bfSe considera la hipoplasia del nervio \u00f3ptico una discapacidad?\u00bb En su caso, documentar la gravedad de los s\u00edntomas y evaluar la efectividad de los tratamientos.<\/p>\n\n\n\n<p>Recorrer&nbsp; este camino implica m\u00e1s que responder a la pregunta \u00ab\u00bfEs la neuritis \u00f3ptica una discapacidad?\u00bb, tambi\u00e9n implica defenderse uno mismo en un sistema que demanda una documentaci\u00f3n detallada y un profundo conocimiento de las normativas legales y m\u00e9dicas. Para muchos, este trayecto est\u00e1 lleno de desaf\u00edos, pero sigue siendo crucial para obtener el respaldo y las prestaciones necesarias para manejar efectivamente la enfermedad.<\/p>\n\n\n\n<p>Enfrentar la neuritis \u00f3ptica significa no solo lidiar con las implicaciones f\u00edsicas y emocionales de la enfermedad, sino tambi\u00e9n con las complejidades de las solicitudes de compensaci\u00f3n por discapacidad. Aunque este camino es dif\u00edcil, es fundamental para garantizar que quienes sufren de neuritis \u00f3ptica reciban el reconocimiento y el respaldo que merecen. A medida que continuamos explorando y comprendiendo condiciones como la neuritis \u00f3ptica, la pregunta \u00ab\u00bfEs la neuritis \u00f3ptica una discapacidad?\u00bb se convierte en un componente vital de una conversaci\u00f3n m\u00e1s amplia sobre c\u00f3mo reconocer y apoyar a las personas que viven con enfermedades cr\u00f3nicas.Para aquellos que buscan ayuda en el proceso complejo de las solicitudes de beneficios por discapacidad del Seguro Social para condiciones como la neuritis \u00f3ptica, LaBovick Abogados ofrece orientaci\u00f3n legal de expertos. Con un equipo dedicado de<a href=\"https:\/\/www.staging.labovick.com\/es\/abogado-seguro-social-discapacidad\/\"> <strong>Abogados Especializados en Beneficios del Seguro Social por Discapacidad <\/strong><\/a>entienden las complejidades de este tipo de reclamos y se comprometen a ayudarte a recibir las prestaciones y beneficios que mereces. P\u00f3nte en contacto con LaBovick Abogados para una consulta gratis, para explorar tus opciones y para fortalecer tu caso.<\/p>\n\n\n\n<h2 class=\"wp-block-heading\">Preguntas frecuentes sobre: \u00bfLa neuritis \u00f3ptica es una discapacidad?<\/h2>\n\n\n<div id=\"rank-math-faq\" class=\"rank-math-block\">\n<div class=\"rank-math-list \">\n<div id=\"faq-question-1702473319369\" class=\"rank-math-list-item\">\n<h3 class=\"rank-math-question \"><strong>\u00bf<\/strong>Se considera a<strong> la neuritis \u00f3ptica como una discapacidad?<\/strong><\/h3>\n<div class=\"rank-math-answer \">\n\n<p>S\u00ed, en los casos graves, la neuritis \u00f3ptica puede ser considerada una discapacidad, especialmente si afecta significativamente las actividades diarias y la capacidad laboral.<\/p>\n\n<\/div>\n<\/div>\n<div id=\"faq-question-1702473322861\" class=\"rank-math-list-item\">\n<h3 class=\"rank-math-question \"><strong>\u00bfPuede la neuritis \u00f3ptica causar da\u00f1o permanente en el nervio \u00f3ptico?<\/strong><\/h3>\n<div class=\"rank-math-answer \">\n\n<p>Aunque algunos casos se resuelven sin da\u00f1os duraderos, los brotes repetidos pueden ocasionar un deterioro permanente.<\/p>\n\n<\/div>\n<\/div>\n<div id=\"faq-question-1702473330461\" class=\"rank-math-list-item\">\n<h3 class=\"rank-math-question \"><strong>\u00bfEs posible conducir con neuritis \u00f3ptica?<\/strong><\/h3>\n<div class=\"rank-math-answer \">\n\n<p>Depende de la gravedad de los s\u00edntomas y de la capacidad visual de la persona, que en ocasiones puede estar muy limitada.<\/p>\n\n<\/div>\n<\/div>\n<div id=\"faq-question-1702473338196\" class=\"rank-math-list-item\">\n<h3 class=\"rank-math-question \"><strong>\u00bfEl tener neuritis \u00f3ptica otorga autom\u00e1ticamente derecho a prestaciones por discapacidad?<\/strong><\/h3>\n<div class=\"rank-math-answer \">\n\n<p>No autom\u00e1ticamente; la elegibilidad depende de la gravedad de la condici\u00f3n y de c\u00f3mo afecte a la capacidad para realizar una actividad laboral.<\/p>\n\n<\/div>\n<\/div>\n<\/div>\n<\/div>","protected":false},"excerpt":{"rendered":"<p>Introducci\u00f3n: Explorando la neuritis \u00f3ptica como discapacidad La neuritis \u00f3ptica, una afecci\u00f3n inflamatoria del nervio \u00f3ptico, presenta una compleja serie de retos para quienes la padecen. Este art\u00edculo profundiza en la pregunta cr\u00edtica de: \u00ab\u00bfSe puede considerar a la neuritis \u00f3ptica como una discapacidad?\u00bb. Al examinar la naturaleza, los s\u00edntomas y las repercusiones de esta [&hellip;]<\/p>\n","protected":false},"author":25,"featured_media":36884,"comment_status":"open","ping_status":"open","sticky":false,"template":"","format":"standard","meta":{"_acf_changed":false,"footnotes":""},"categories":[2234],"tags":[],"class_list":["post-36876","post","type-post","status-publish","format-standard","has-post-thumbnail","hentry","category-seguro-social-por-discapacidad"],"acf":[],"_links":{"self":[{"href":"https:\/\/www.staging.labovick.com\/es\/wp-json\/wp\/v2\/posts\/36876"}],"collection":[{"href":"https:\/\/www.staging.labovick.com\/es\/wp-json\/wp\/v2\/posts"}],"about":[{"href":"https:\/\/www.staging.labovick.com\/es\/wp-json\/wp\/v2\/types\/post"}],"author":[{"embeddable":true,"href":"https:\/\/www.staging.labovick.com\/es\/wp-json\/wp\/v2\/users\/25"}],"replies":[{"embeddable":true,"href":"https:\/\/www.staging.labovick.com\/es\/wp-json\/wp\/v2\/comments?post=36876"}],"version-history":[{"count":7,"href":"https:\/\/www.staging.labovick.com\/es\/wp-json\/wp\/v2\/posts\/36876\/revisions"}],"predecessor-version":[{"id":37110,"href":"https:\/\/www.staging.labovick.com\/es\/wp-json\/wp\/v2\/posts\/36876\/revisions\/37110"}],"wp:featuredmedia":[{"embeddable":true,"href":"https:\/\/www.staging.labovick.com\/es\/wp-json\/wp\/v2\/media\/36884"}],"wp:attachment":[{"href":"https:\/\/www.staging.labovick.com\/es\/wp-json\/wp\/v2\/media?parent=36876"}],"wp:term":[{"taxonomy":"category","embeddable":true,"href":"https:\/\/www.staging.labovick.com\/es\/wp-json\/wp\/v2\/categories?post=36876"},{"taxonomy":"post_tag","embeddable":true,"href":"https:\/\/www.staging.labovick.com\/es\/wp-json\/wp\/v2\/tags?post=36876"}],"curies":[{"name":"wp","href":"https:\/\/api.w.org\/{rel}","templated":true}]}}